{"id":1341,"date":"2025-07-23T00:31:33","date_gmt":"2025-07-23T03:31:33","guid":{"rendered":"https:\/\/cafecommessias.com.br\/?p=1341"},"modified":"2025-07-23T00:34:22","modified_gmt":"2025-07-23T03:34:22","slug":"paulinho-freire-autoriza-inicio-das-obras-na-praca-da-arvore-de-mirassol-e-no-mercado-das-quintas","status":"publish","type":"post","link":"https:\/\/cafecommessias.com.br\/?p=1341","title":{"rendered":"Paulinho Freire autoriza in\u00edcio das obras na Pra\u00e7a da \u00c1rvore de Mirassol e no Mercado das Quintas"},"content":{"rendered":"\n<p>O prefeito de Natal, Paulinho Freire, autorizou, nesta ter\u00e7a-feira (22), o in\u00edcio de tr\u00eas obras estruturantes de grande relev\u00e2ncia para a cidade: o novo pavilh\u00e3o da Pra\u00e7a da \u00c1rvore de Mirassol, a reestrutura\u00e7\u00e3o da pr\u00f3pria \u00e1rvore e a revitaliza\u00e7\u00e3o do Mercado P\u00fablico das Quintas. A assinatura da ordem de servi\u00e7o aconteceu no sal\u00e3o nobre do Pal\u00e1cio Felipe Camar\u00e3o.<\/p>\n\n\n\n<p>O conjunto de interven\u00e7\u00f5es inclui a constru\u00e7\u00e3o de um novo pavilh\u00e3o ao lado da loja Natal Original, com investimento de R$ 1.184.432,38; a manuten\u00e7\u00e3o e o refor\u00e7o estrutural da \u00c1rvore de Mirassol, or\u00e7ados em R$ 880.326,37; e a reforma e requalifica\u00e7\u00e3o do Mercado das Quintas, que contar\u00e1 com R$ 98.000,00 em recursos.<\/p>\n\n\n\n<p>Com um investimento total de aproximadamente R$ 2,2 milh\u00f5es, as obras visam qualificar a infraestrutura urbana, valorizar espa\u00e7os simb\u00f3licos e melhorar a experi\u00eancia da popula\u00e7\u00e3o que utiliza esses locais.<\/p>\n\n\n\n<figure class=\"wp-block-image size-large\"><img loading=\"lazy\" decoding=\"async\" width=\"1024\" height=\"768\" src=\"https:\/\/cafecommessias.com.br\/wp-content\/uploads\/2025\/07\/fc44ebda-54c4-415f-8355-a76760dd624b-1536x1152-2-1024x768.jpeg\" alt=\"\" class=\"wp-image-1350\" srcset=\"https:\/\/cafecommessias.com.br\/wp-content\/uploads\/2025\/07\/fc44ebda-54c4-415f-8355-a76760dd624b-1536x1152-2-1024x768.jpeg 1024w, https:\/\/cafecommessias.com.br\/wp-content\/uploads\/2025\/07\/fc44ebda-54c4-415f-8355-a76760dd624b-1536x1152-2-300x225.jpeg 300w, https:\/\/cafecommessias.com.br\/wp-content\/uploads\/2025\/07\/fc44ebda-54c4-415f-8355-a76760dd624b-1536x1152-2-768x576.jpeg 768w, https:\/\/cafecommessias.com.br\/wp-content\/uploads\/2025\/07\/fc44ebda-54c4-415f-8355-a76760dd624b-1536x1152-2.jpeg 1536w\" sizes=\"auto, (max-width: 1024px) 100vw, 1024px\" \/><\/figure>\n\n\n\n<p>Durante a cerim\u00f4nia, o prefeito Paulinho Freire ressaltou o impacto positivo das interven\u00e7\u00f5es para o desenvolvimento urbano e tur\u00edstico da capital. \u201c\u00c9 uma alegria assinar hoje a ordem de servi\u00e7o para essas tr\u00eas importantes obras, que come\u00e7am imediatamente, com um investimento de quase R$ 2,2 milh\u00f5es. A interven\u00e7\u00e3o em Mirassol, em especial, tem um peso significativo para Natal, que \u00e9 uma cidade essencialmente tur\u00edstica. Precisamos oferecer mais espa\u00e7os de entretenimento e visita\u00e7\u00e3o, n\u00e3o apenas para atrair visitantes, mas tamb\u00e9m para proporcionar mais qualidade de vida \u00e0 nossa popula\u00e7\u00e3o.\u201d<\/p>\n\n\n\n<p>Na zona Sul, a Pra\u00e7a da \u00c1rvore, em Capim Macio, vai ganhar um novo pavilh\u00e3o com cobertura fixa, paisagismo, novo mobili\u00e1rio urbano e recupera\u00e7\u00e3o estrutural da \u00e1rvore natalina. A estrutura ser\u00e1 usada durante todo o ano, em especial para as atividades do tradicional Natal em Natal. A pr\u00f3pria \u00c1rvore de Mirassol, uma das maiores do pa\u00eds e s\u00edmbolo do turismo natalense, tamb\u00e9m passar\u00e1 por reestrutura\u00e7\u00e3o completa.<\/p>\n\n\n\n<p>O prefeito afirmou que o investimento para a pra\u00e7a j\u00e1 gera economia para os cofres p\u00fablicos, uma vez que evita os gastos recorrentes com estruturas tempor\u00e1rias usadas em eventos sazonais. Ele destacou que os custos com loca\u00e7\u00e3o no per\u00edodo do Natal eram superiores ao valor que est\u00e1 sendo aplicado na obra permanente. Al\u00e9m disso, mencionou que a estrutura antiga apresentava riscos, com partes enferrujadas, o que torna necess\u00e1rio um refor\u00e7o para garantir a seguran\u00e7a e preservar a tradicional \u00e1rvore de Natal da cidade.<\/p>\n\n\n\n<p>O secret\u00e1rio da Semsur, Felipe Alves, refor\u00e7ou o impacto positivo das interven\u00e7\u00f5es: \u201cEstou muito feliz com esse momento. Essas obras foram cuidadosamente planejadas e fazem parte de um compromisso da gest\u00e3o com a requalifica\u00e7\u00e3o dos espa\u00e7os p\u00fablicos. A nova estrutura da Pra\u00e7a da \u00c1rvore vai permitir uma programa\u00e7\u00e3o cultural permanente, al\u00e9m de se tratar de um projeto moderno, que usa madeira, concreto e que ter\u00e1 bancos com tecnologia que reduz a absor\u00e7\u00e3o do calor\u201d, afirmou.<\/p>\n\n\n\n<p>Felipe Alves tamb\u00e9m destacou a contribui\u00e7\u00e3o da secret\u00e1ria municipal do Trabalho e Assist\u00eancia Social, Nina Souza, na idealiza\u00e7\u00e3o do novo espa\u00e7o em Mirassol. \u201cFoi uma ideia que tivemos a partir da provoca\u00e7\u00e3o da secret\u00e1ria Nina. Um espa\u00e7o prop\u00edcio para exposi\u00e7\u00e3o, artesanato e outros atrativos que com certeza vai chamar a aten\u00e7\u00e3o da popula\u00e7\u00e3o\u201d, reconheceu.<\/p>\n\n\n\n<p>J\u00e1 na zona Oeste, o Mercado das Quintas ser\u00e1 totalmente revitalizado, com foco na melhoria da cobertura e de \u00e1reas estruturais, que incluem acessibilidade, nova pintura, reparos na parte el\u00e9trica e paisagismo, garantindo mais conforto e seguran\u00e7a para comerciantes e frequentadores.<\/p>\n\n\n\n<p>Segundo o prefeito Paulinho Freire, a obra atende a um antigo desejo da popula\u00e7\u00e3o. Ele destacou o carinho que os moradores das Quintas t\u00eam pelo espa\u00e7o e afirmou que o mercado ficar\u00e1 bonito ap\u00f3s a revitaliza\u00e7\u00e3o. \u201c Esse era um pedido da popula\u00e7\u00e3o. Existem pessoas das Quintas que t\u00eam muito orgulho daquele mercado. Vai ficar um mercado muito bacana\u201d, afirmou.<\/p>\n\n\n\n<figure class=\"wp-block-image size-large\"><img loading=\"lazy\" decoding=\"async\" width=\"1024\" height=\"576\" src=\"https:\/\/cafecommessias.com.br\/wp-content\/uploads\/2025\/07\/7dd22078-6ede-4523-a924-2e422af65ef7-1536x864-2-1024x576.jpeg\" alt=\"\" class=\"wp-image-1348\" srcset=\"https:\/\/cafecommessias.com.br\/wp-content\/uploads\/2025\/07\/7dd22078-6ede-4523-a924-2e422af65ef7-1536x864-2-1024x576.jpeg 1024w, https:\/\/cafecommessias.com.br\/wp-content\/uploads\/2025\/07\/7dd22078-6ede-4523-a924-2e422af65ef7-1536x864-2-300x169.jpeg 300w, https:\/\/cafecommessias.com.br\/wp-content\/uploads\/2025\/07\/7dd22078-6ede-4523-a924-2e422af65ef7-1536x864-2-768x432.jpeg 768w, https:\/\/cafecommessias.com.br\/wp-content\/uploads\/2025\/07\/7dd22078-6ede-4523-a924-2e422af65ef7-1536x864-2.jpeg 1536w\" sizes=\"auto, (max-width: 1024px) 100vw, 1024px\" \/><\/figure>\n\n\n\n<p>Tamb\u00e9m presentes na solenidade e compondo a frente de honra, estiveram a vice-prefeita de Natal, Joanna Guerra; a secret\u00e1ria municipal do Trabalho e Assist\u00eancia Social, Nina Souza; o vereador Aldo Clemente; Eric Cavalcante, representando a Plena Arquitetura e Engenharia; Marcelo Pereira, representando a MVP Engenharia e Constru\u00e7\u00e3o; e Jefferson Albuquerque, representando a Engecon Engenharia.<\/p>\n\n\n\n<p><sub>por Blog do BG<\/sub><\/p>\n\n\n\n<figure class=\"wp-block-image size-full\"><img loading=\"lazy\" decoding=\"async\" width=\"750\" height=\"200\" src=\"https:\/\/cafecommessias.com.br\/wp-content\/uploads\/2025\/07\/14857329688341558327-3.gif\" alt=\"\" class=\"wp-image-1265\"\/><\/figure>\n","protected":false},"excerpt":{"rendered":"<p>O prefeito de Natal, Paulinho Freire, autorizou, nesta ter\u00e7a-feira (22), o in\u00edcio de tr\u00eas obras estruturantes de grande relev\u00e2ncia para a cidade: o novo pavilh\u00e3o da Pra\u00e7a da \u00c1rvore de Mirassol, a reestrutura\u00e7\u00e3o da pr\u00f3pria \u00e1rvore e a revitaliza\u00e7\u00e3o do Mercado P\u00fablico das Quintas. A assinatura da ordem de servi\u00e7o aconteceu no sal\u00e3o nobre do&#8230;<\/p>\n","protected":false},"author":1,"featured_media":1342,"comment_status":"open","ping_status":"open","sticky":false,"template":"","format":"standard","meta":{"footnotes":""},"categories":[6],"tags":[],"class_list":["post-1341","post","type-post","status-publish","format-standard","has-post-thumbnail","hentry","category-politica"],"_links":{"self":[{"href":"https:\/\/cafecommessias.com.br\/index.php?rest_route=\/wp\/v2\/posts\/1341","targetHints":{"allow":["GET"]}}],"collection":[{"href":"https:\/\/cafecommessias.com.br\/index.php?rest_route=\/wp\/v2\/posts"}],"about":[{"href":"https:\/\/cafecommessias.com.br\/index.php?rest_route=\/wp\/v2\/types\/post"}],"author":[{"embeddable":true,"href":"https:\/\/cafecommessias.com.br\/index.php?rest_route=\/wp\/v2\/users\/1"}],"replies":[{"embeddable":true,"href":"https:\/\/cafecommessias.com.br\/index.php?rest_route=%2Fwp%2Fv2%2Fcomments&post=1341"}],"version-history":[{"count":5,"href":"https:\/\/cafecommessias.com.br\/index.php?rest_route=\/wp\/v2\/posts\/1341\/revisions"}],"predecessor-version":[{"id":1351,"href":"https:\/\/cafecommessias.com.br\/index.php?rest_route=\/wp\/v2\/posts\/1341\/revisions\/1351"}],"wp:featuredmedia":[{"embeddable":true,"href":"https:\/\/cafecommessias.com.br\/index.php?rest_route=\/wp\/v2\/media\/1342"}],"wp:attachment":[{"href":"https:\/\/cafecommessias.com.br\/index.php?rest_route=%2Fwp%2Fv2%2Fmedia&parent=1341"}],"wp:term":[{"taxonomy":"category","embeddable":true,"href":"https:\/\/cafecommessias.com.br\/index.php?rest_route=%2Fwp%2Fv2%2Fcategories&post=1341"},{"taxonomy":"post_tag","embeddable":true,"href":"https:\/\/cafecommessias.com.br\/index.php?rest_route=%2Fwp%2Fv2%2Ftags&post=1341"}],"curies":[{"name":"wp","href":"https:\/\/api.w.org\/{rel}","templated":true}]}}