{"id":1376,"date":"2025-07-23T11:14:55","date_gmt":"2025-07-23T14:14:55","guid":{"rendered":"https:\/\/cafecommessias.com.br\/?p=1376"},"modified":"2025-07-25T16:57:07","modified_gmt":"2025-07-25T19:57:07","slug":"vestigios-na-areia-ciencia-identifica-navio-de-guerra-naufragado-ha-250-anos-em-ilha-escocesa","status":"publish","type":"post","link":"https:\/\/cafecommessias.com.br\/?p=1376","title":{"rendered":"Rota 22 passa por Goianinha e fecha ciclo de oficinas pelo Agreste"},"content":{"rendered":"\n<p>O encontro de lideran\u00e7as do Projeto Rota 22 esteve em Goianinha (RN), no Mirante do Vale Restaurante, nesta quarta-feira (23). Durante a abertura do encontro o deputado estadual, Coronel Azevedo foi enf\u00e1tico: &#8220;Pelo diagn\u00f3stico do Rota 22 voc\u00eas est\u00e3o vendo como o Rio Grande do Norte est\u00e1 no fundo do po\u00e7o.&#8221;, salientando em seguida a import\u00e2ncia do projeto do Partido Liberal (PL), com proposi\u00e7\u00f5es concretas para o pleito de 2026.<\/p>\n\n\n\n<p>Hemerson Galv\u00e3o, secret\u00e1rio de desenvolvimento econ\u00f4mico de Goianinha, lamenta a falta de competitividade do Estado com os empres\u00e1rios, preferindo investir em estados vizinhos e n\u00e3o no RN, pela inseguran\u00e7a de investir aqui. &#8220;N\u00f3s n\u00e3o temos estradas. E isso s\u00f3 prejudica. N\u00f3s n\u00e3o temos Governo do Estado.&#8221;, disse o prefeito de Georgino Avelino, Ant\u00f4nio Freire, durante o debate no Mirante do Vale Restaurante.<\/p>\n\n\n\n<p>Petrucio Ferreira, Secret\u00e1rio de Educa\u00e7\u00e3o de Goianinha, citou a dificuldade com o transporte escolar. &#8220;At\u00e9 hoje n\u00e3o se tem nenhuma contribui\u00e7\u00e3o voltada para os estudantes do interior, no tocante ao transporte escolar. Com os munic\u00edpios tendo que assumir o transporte para os alunos do ensino superior, sem implicar em preju\u00edzo para o ensino rural. Ta\u00ed um grande gargalo&#8221;.<\/p>\n\n\n\n<p>O Projeto Rota 22 completou o ciclo de oficinas na regi\u00e3o Agreste. No dia 2 de agosto haver\u00e1 o grande Semin\u00e1rio, em Santo Ant\u00f4nio, reunindo lideran\u00e7as do Agreste, Trair\u00ed e Potengi. Na agenda do Projeto Rota 22, ainda tem oficina em Parnamirim, no dia 6 de agosto, em Extremoz, no dia 7 de agosto, e Semin\u00e1rio da Regi\u00e3o Metropolitana, em Natal, no dia 16 de agosto.<\/p>\n\n\n\n<p>O Rota 22 \u00e9 uma iniciativa do PL em parceria com o Instituto \u00c1lvaro Valle, que fechou o primeiro semestre com 20 eventos realizados no Estado, sendo 16 oficinas e 4 semin\u00e1rios abrangendo todas as regi\u00f5es do RN.<\/p>\n\n\n\n<p>Fique conectado com o Rota 22 \u2014 acesse o site plrota22.com.br e confira quando o projeto passar\u00e1 por sua regi\u00e3o. Mais informa\u00e7\u00f5es tamb\u00e9m est\u00e3o dispon\u00edveis nas redes sociais, pelos perfis @pl22rn e @plnacional22, e no canal de WhatsApp do Rota 22 no Rio Grande do Norte: canal.plrota22.com.br.<\/p>\n\n\n\n<p><sub>por PL Rota 22<\/sub><\/p>\n\n\n\n<p class=\"has-text-align-center\"><strong><em>PUBLICIDADE<\/em><\/strong><\/p>\n\n\n\n<figure class=\"wp-block-image size-full\"><img loading=\"lazy\" decoding=\"async\" width=\"970\" height=\"250\" src=\"https:\/\/cafecommessias.com.br\/wp-content\/uploads\/2025\/07\/SENAC-5.png\" alt=\"\" class=\"wp-image-1210\" srcset=\"https:\/\/cafecommessias.com.br\/wp-content\/uploads\/2025\/07\/SENAC-5.png 970w, https:\/\/cafecommessias.com.br\/wp-content\/uploads\/2025\/07\/SENAC-5-300x77.png 300w, https:\/\/cafecommessias.com.br\/wp-content\/uploads\/2025\/07\/SENAC-5-768x198.png 768w\" sizes=\"auto, (max-width: 970px) 100vw, 970px\" \/><\/figure>\n\n\n\n<p><\/p>\n","protected":false},"excerpt":{"rendered":"<p>O encontro de lideran\u00e7as do Projeto Rota 22 esteve em Goianinha (RN), no Mirante do Vale Restaurante, nesta quarta-feira (23). Durante a abertura do encontro o deputado estadual, Coronel Azevedo foi enf\u00e1tico: &#8220;Pelo diagn\u00f3stico do Rota 22 voc\u00eas est\u00e3o vendo como o Rio Grande do Norte est\u00e1 no fundo do po\u00e7o.&#8221;, salientando em seguida a&#8230;<\/p>\n","protected":false},"author":1,"featured_media":1552,"comment_status":"open","ping_status":"open","sticky":false,"template":"","format":"standard","meta":{"footnotes":""},"categories":[4,3],"tags":[],"class_list":["post-1376","post","type-post","status-publish","format-standard","has-post-thumbnail","hentry","category-anuncie-aqui","category-geral"],"_links":{"self":[{"href":"https:\/\/cafecommessias.com.br\/index.php?rest_route=\/wp\/v2\/posts\/1376","targetHints":{"allow":["GET"]}}],"collection":[{"href":"https:\/\/cafecommessias.com.br\/index.php?rest_route=\/wp\/v2\/posts"}],"about":[{"href":"https:\/\/cafecommessias.com.br\/index.php?rest_route=\/wp\/v2\/types\/post"}],"author":[{"embeddable":true,"href":"https:\/\/cafecommessias.com.br\/index.php?rest_route=\/wp\/v2\/users\/1"}],"replies":[{"embeddable":true,"href":"https:\/\/cafecommessias.com.br\/index.php?rest_route=%2Fwp%2Fv2%2Fcomments&post=1376"}],"version-history":[{"count":4,"href":"https:\/\/cafecommessias.com.br\/index.php?rest_route=\/wp\/v2\/posts\/1376\/revisions"}],"predecessor-version":[{"id":1553,"href":"https:\/\/cafecommessias.com.br\/index.php?rest_route=\/wp\/v2\/posts\/1376\/revisions\/1553"}],"wp:featuredmedia":[{"embeddable":true,"href":"https:\/\/cafecommessias.com.br\/index.php?rest_route=\/wp\/v2\/media\/1552"}],"wp:attachment":[{"href":"https:\/\/cafecommessias.com.br\/index.php?rest_route=%2Fwp%2Fv2%2Fmedia&parent=1376"}],"wp:term":[{"taxonomy":"category","embeddable":true,"href":"https:\/\/cafecommessias.com.br\/index.php?rest_route=%2Fwp%2Fv2%2Fcategories&post=1376"},{"taxonomy":"post_tag","embeddable":true,"href":"https:\/\/cafecommessias.com.br\/index.php?rest_route=%2Fwp%2Fv2%2Ftags&post=1376"}],"curies":[{"name":"wp","href":"https:\/\/api.w.org\/{rel}","templated":true}]}}