{"id":140,"date":"2025-07-10T09:55:40","date_gmt":"2025-07-10T12:55:40","guid":{"rendered":"http:\/\/cafecommessias.com.br\/?p=140"},"modified":"2025-07-10T09:55:58","modified_gmt":"2025-07-10T12:55:58","slug":"acidente-na-br-304-em-mossoro-termina-em-tentativa-de-homicidio-apos-discussao-entre-motoristas","status":"publish","type":"post","link":"https:\/\/cafecommessias.com.br\/?p=140","title":{"rendered":"Acidente na BR-304 em Mossor\u00f3 termina em tentativa de homic\u00eddio ap\u00f3s discuss\u00e3o entre motoristas"},"content":{"rendered":"\n<p>Ap\u00f3s o impacto, sem v\u00edtimas inicialmente, o condutor de um dos ve\u00edculos desceu do carro, subiu no cap\u00f4 do outro carro e quebrou o para-brisa<\/p>\n\n\n\n<p>Um\u00a0acidente\u00a0de tr\u00e2nsito envolvendo dois ve\u00edculos terminou com os motoristas feridos e autuados por tentativa de homic\u00eddio na tarde desta quarta-feira 9, no km 39 da BR-304, em Mossor\u00f3, regi\u00e3o Oeste do Rio Grande do Norte.<\/p>\n\n\n\n<p>De acordo com a Pol\u00edcia Rodovi\u00e1ria Federal (PRF), a ocorr\u00eancia come\u00e7ou com uma colis\u00e3o traseira entre um Citro\u00ebn C3 e um Renault Logan. Ap\u00f3s o impacto, sem v\u00edtimas inicialmente, o condutor do Citro\u00ebn desceu do ve\u00edculo, subiu no cap\u00f4 do Logan e quebrou o para-brisa, iniciando uma agress\u00e3o f\u00edsica ao outro motorista.<\/p>\n\n\n\n<p>Em rea\u00e7\u00e3o, o condutor do Logan sacou uma faca do interior do carro e golpeou o agressor. Na sequ\u00eancia, o motorista do Citro\u00ebn conseguiu tomar a arma branca e tamb\u00e9m feriu o outro condutor.<\/p>\n\n\n\n<p>Os dois homens foram socorridos por equipes m\u00e9dicas e encaminhados ao Hospital Regional Tarc\u00edsio Maia, onde passaram por cirurgias. A faca foi apreendida pela PRF.<\/p>\n\n\n\n<p>O caso foi apresentado \u00e0 Delegacia de Plant\u00e3o da Pol\u00edcia Civil de Mossor\u00f3. Ambos os motoristas foram autuados por tentativa de homic\u00eddio. O condutor do Citro\u00ebn tamb\u00e9m vai responder por dano simples, em raz\u00e3o da quebra do para-brisa do Logan.<\/p>\n\n\n\n<p>A PRF refor\u00e7ou que \u201cnenhum dano material justifica atitudes violentas\u201d e recomendou autocontrole e respeito entre os condutores.<\/p>\n\n\n\n<p><sub>por Agora RN<\/sub><\/p>\n\n\n\n<p><\/p>\n","protected":false},"excerpt":{"rendered":"<p>Ap\u00f3s o impacto, sem v\u00edtimas inicialmente, o condutor de um dos ve\u00edculos desceu do carro, subiu no cap\u00f4 do outro carro e quebrou o para-brisa Um\u00a0acidente\u00a0de tr\u00e2nsito envolvendo dois ve\u00edculos terminou com os motoristas feridos e autuados por tentativa de homic\u00eddio na tarde desta quarta-feira 9, no km 39 da BR-304, em Mossor\u00f3, regi\u00e3o Oeste&#8230;<\/p>\n","protected":false},"author":1,"featured_media":141,"comment_status":"closed","ping_status":"closed","sticky":false,"template":"","format":"standard","meta":{"footnotes":""},"categories":[9],"tags":[],"class_list":["post-140","post","type-post","status-publish","format-standard","has-post-thumbnail","hentry","category-acidente"],"_links":{"self":[{"href":"https:\/\/cafecommessias.com.br\/index.php?rest_route=\/wp\/v2\/posts\/140","targetHints":{"allow":["GET"]}}],"collection":[{"href":"https:\/\/cafecommessias.com.br\/index.php?rest_route=\/wp\/v2\/posts"}],"about":[{"href":"https:\/\/cafecommessias.com.br\/index.php?rest_route=\/wp\/v2\/types\/post"}],"author":[{"embeddable":true,"href":"https:\/\/cafecommessias.com.br\/index.php?rest_route=\/wp\/v2\/users\/1"}],"replies":[{"embeddable":true,"href":"https:\/\/cafecommessias.com.br\/index.php?rest_route=%2Fwp%2Fv2%2Fcomments&post=140"}],"version-history":[{"count":1,"href":"https:\/\/cafecommessias.com.br\/index.php?rest_route=\/wp\/v2\/posts\/140\/revisions"}],"predecessor-version":[{"id":142,"href":"https:\/\/cafecommessias.com.br\/index.php?rest_route=\/wp\/v2\/posts\/140\/revisions\/142"}],"wp:featuredmedia":[{"embeddable":true,"href":"https:\/\/cafecommessias.com.br\/index.php?rest_route=\/wp\/v2\/media\/141"}],"wp:attachment":[{"href":"https:\/\/cafecommessias.com.br\/index.php?rest_route=%2Fwp%2Fv2%2Fmedia&parent=140"}],"wp:term":[{"taxonomy":"category","embeddable":true,"href":"https:\/\/cafecommessias.com.br\/index.php?rest_route=%2Fwp%2Fv2%2Fcategories&post=140"},{"taxonomy":"post_tag","embeddable":true,"href":"https:\/\/cafecommessias.com.br\/index.php?rest_route=%2Fwp%2Fv2%2Ftags&post=140"}],"curies":[{"name":"wp","href":"https:\/\/api.w.org\/{rel}","templated":true}]}}