{"id":1557,"date":"2025-07-25T17:12:51","date_gmt":"2025-07-25T20:12:51","guid":{"rendered":"https:\/\/cafecommessias.com.br\/?p=1557"},"modified":"2025-07-25T17:12:51","modified_gmt":"2025-07-25T20:12:51","slug":"marco-sedia-primeira-oficina-do-rota-22-nesta-sexta-feira-25","status":"publish","type":"post","link":"https:\/\/cafecommessias.com.br\/?p=1557","title":{"rendered":"Marco sedia primeira oficina do Rota 22 nesta sexta-feira, 25"},"content":{"rendered":"\n<p>O munic\u00edpio de Marco ser\u00e1 o palco da primeira oficina do projeto Rota 22 no Cear\u00e1. A atividade acontece nesta sexta-feira, 25, \u00e0s 15h, na C\u00e2mara Municipal, e marca o in\u00edcio das a\u00e7\u00f5es de forma\u00e7\u00e3o pol\u00edtica e mobiliza\u00e7\u00e3o promovidas pelo Partido Liberal (PL) em parceria com o Instituto \u00c1lvaro Valle.<\/p>\n\n\n\n<p>A oficina contar\u00e1 com a presen\u00e7a confirmada dos deputados Carmelo Neto e David Vasconcelos, al\u00e9m da vereadora Bella Carmelo. O encontro tem como objetivo ouvir a popula\u00e7\u00e3o, fortalecer lideran\u00e7as locais e apresentar solu\u00e7\u00f5es para os desafios enfrentados pela regi\u00e3o, alinhadas aos valores conservadores defendidos pelo partido.<\/p>\n\n\n\n<p>Marco \u00e9 um dos 52 munic\u00edpios visitados na primeira etapa do projeto, que passou por quatro regi\u00f5es do Estado com uma intensa agenda de escuta e articula\u00e7\u00e3o pol\u00edtica. As oficinas fazem parte da nova fase do Rota 22, que busca consolidar as bases do conservadorismo no interior cearense.<\/p>\n\n\n\n<p><sub>por PL Rota 22<\/sub><\/p>\n\n\n\n<p><\/p>\n","protected":false},"excerpt":{"rendered":"<p>O munic\u00edpio de Marco ser\u00e1 o palco da primeira oficina do projeto Rota 22 no Cear\u00e1. A atividade acontece nesta sexta-feira, 25, \u00e0s 15h, na C\u00e2mara Municipal, e marca o in\u00edcio das a\u00e7\u00f5es de forma\u00e7\u00e3o pol\u00edtica e mobiliza\u00e7\u00e3o promovidas pelo Partido Liberal (PL) em parceria com o Instituto \u00c1lvaro Valle. A oficina contar\u00e1 com a&#8230;<\/p>\n","protected":false},"author":1,"featured_media":1558,"comment_status":"open","ping_status":"open","sticky":false,"template":"","format":"standard","meta":{"footnotes":""},"categories":[6],"tags":[],"class_list":["post-1557","post","type-post","status-publish","format-standard","has-post-thumbnail","hentry","category-politica"],"_links":{"self":[{"href":"https:\/\/cafecommessias.com.br\/index.php?rest_route=\/wp\/v2\/posts\/1557","targetHints":{"allow":["GET"]}}],"collection":[{"href":"https:\/\/cafecommessias.com.br\/index.php?rest_route=\/wp\/v2\/posts"}],"about":[{"href":"https:\/\/cafecommessias.com.br\/index.php?rest_route=\/wp\/v2\/types\/post"}],"author":[{"embeddable":true,"href":"https:\/\/cafecommessias.com.br\/index.php?rest_route=\/wp\/v2\/users\/1"}],"replies":[{"embeddable":true,"href":"https:\/\/cafecommessias.com.br\/index.php?rest_route=%2Fwp%2Fv2%2Fcomments&post=1557"}],"version-history":[{"count":1,"href":"https:\/\/cafecommessias.com.br\/index.php?rest_route=\/wp\/v2\/posts\/1557\/revisions"}],"predecessor-version":[{"id":1559,"href":"https:\/\/cafecommessias.com.br\/index.php?rest_route=\/wp\/v2\/posts\/1557\/revisions\/1559"}],"wp:featuredmedia":[{"embeddable":true,"href":"https:\/\/cafecommessias.com.br\/index.php?rest_route=\/wp\/v2\/media\/1558"}],"wp:attachment":[{"href":"https:\/\/cafecommessias.com.br\/index.php?rest_route=%2Fwp%2Fv2%2Fmedia&parent=1557"}],"wp:term":[{"taxonomy":"category","embeddable":true,"href":"https:\/\/cafecommessias.com.br\/index.php?rest_route=%2Fwp%2Fv2%2Fcategories&post=1557"},{"taxonomy":"post_tag","embeddable":true,"href":"https:\/\/cafecommessias.com.br\/index.php?rest_route=%2Fwp%2Fv2%2Ftags&post=1557"}],"curies":[{"name":"wp","href":"https:\/\/api.w.org\/{rel}","templated":true}]}}