{"id":1565,"date":"2025-07-25T19:46:20","date_gmt":"2025-07-25T22:46:20","guid":{"rendered":"https:\/\/cafecommessias.com.br\/?p=1565"},"modified":"2025-07-25T19:46:20","modified_gmt":"2025-07-25T22:46:20","slug":"conta-de-luz-mais-cara-aneel-aciona-bandeira-vermelha-nivel-2-para-agosto","status":"publish","type":"post","link":"https:\/\/cafecommessias.com.br\/?p=1565","title":{"rendered":"Conta de luz mais cara: Aneel aciona bandeira vermelha n\u00edvel 2 para agosto"},"content":{"rendered":"\n<p>Bandeira tarif\u00e1ria sinaliza ao consumidor os custos reais da gera\u00e7\u00e3o de energia no pa\u00eds. Quando a gera\u00e7\u00e3o fica mais cara, a cobran\u00e7a extra \u00e9 aplicada automaticamente nas contas.<\/p>\n\n\n\n<p>A Ag\u00eancia Nacional de Energia El\u00e9trica (Aneel) informou nesta sexta-feira (25) o acionamento da bandeira vermelha n\u00edvel 2 para agosto. Isso significa que as contas de energia el\u00e9trica ter\u00e3o adicional de R$ 7,87 para cada 100 quilowatts-hora (kWh) consumidos.<\/p>\n\n\n\n<p>Uma resid\u00eancia t\u00edpica no Brasil com quatro pessoas morando consome em m\u00e9dia de 150 kWh a 200kWh por m\u00eas.<\/p>\n\n\n\n<p>A bandeira tarif\u00e1ria sinaliza ao consumidor os custos reais da gera\u00e7\u00e3o de energia no pa\u00eds. Quando a gera\u00e7\u00e3o fica mais cara, a cobran\u00e7a extra \u00e9 aplicada automaticamente nas contas.<\/p>\n\n\n\n<p>O motivo da bandeira 2, segundo a Aneel, \u00e9 o baixo n\u00edvel das chuvas, que diminui o reservat\u00f3rio das hidrel\u00e9tricas e leva ao acionamento das termel\u00e9tricas, que s\u00e3o mais caras.<\/p>\n\n\n\n<figure class=\"wp-block-gallery has-nested-images columns-default is-cropped wp-block-gallery-1 is-layout-flex wp-block-gallery-is-layout-flex\">\n<figure class=\"wp-block-image size-full\"><img loading=\"lazy\" decoding=\"async\" width=\"299\" height=\"168\" data-id=\"1567\" src=\"https:\/\/cafecommessias.com.br\/wp-content\/uploads\/2025\/07\/download-20.jpg\" alt=\"\" class=\"wp-image-1567\"\/><\/figure>\n<\/figure>\n\n\n\n<h4 class=\"wp-block-heading\">Como funciona o sistema de cores<\/h4>\n\n\n\n<p>\ud83d\udca1 O sistema de cores da Aneel sinaliza as condi\u00e7\u00f5es de gera\u00e7\u00e3o de energia. Se chove pouco e as hidrel\u00e9tricas geram menos, \u00e9 preciso acionar usinas termel\u00e9tricas, que s\u00e3o mais caras.<\/p>\n\n\n\n<p>\ud83d\udca1 Para pagar por essas usinas, a Aneel aciona as bandeiras amarela, vermelha 1 ou vermelha 2, com taxas extras na conta de luz.<\/p>\n\n\n\n<p>Saiba quanto custa cada bandeira<\/p>\n\n\n\n<p>Cada bandeira tarif\u00e1ria acionada pela Aneel pode gerar um custo extra ao consumidor:<\/p>\n\n\n\n<p>\u2022\ud83d\udfe9bandeira verde (condi\u00e7\u00f5es favor\u00e1veis de gera\u00e7\u00e3o de energia) \u2013 sem custo extra;<\/p>\n\n\n\n<p>\u2022\ud83d\udfe8bandeira amarela (condi\u00e7\u00f5es menos favor\u00e1veis) \u2013 R$ 18,85 por MWh (megawatt-hora) utilizado (ou R$ 1,88 a cada 100kWh);<\/p>\n\n\n\n<p>\u2022\ud83d\udfe5bandeira vermelha patamar 1 (condi\u00e7\u00f5es desfavor\u00e1veis) \u2013 R$ 44,63 por MWh utilizado (ou R$ 4,46 a cada 100 kWh);<\/p>\n\n\n\n<p>\u2022\ud83d\udfe5bandeira vermelha patamar 2 (condi\u00e7\u00f5es muito desfavor\u00e1veis) \u2013 R$ 78,77 por MWh utilizado (ou R$ 7,87 a cada 100 kWh).<\/p>\n\n\n\n<p>\u00a0<sub>por g1\u00a0\u2014 Bras\u00edlia<\/sub><\/p>\n","protected":false},"excerpt":{"rendered":"<p>Bandeira tarif\u00e1ria sinaliza ao consumidor os custos reais da gera\u00e7\u00e3o de energia no pa\u00eds. Quando a gera\u00e7\u00e3o fica mais cara, a cobran\u00e7a extra \u00e9 aplicada automaticamente nas contas. A Ag\u00eancia Nacional de Energia El\u00e9trica (Aneel) informou nesta sexta-feira (25) o acionamento da bandeira vermelha n\u00edvel 2 para agosto. Isso significa que as contas de energia&#8230;<\/p>\n","protected":false},"author":1,"featured_media":1566,"comment_status":"open","ping_status":"open","sticky":false,"template":"","format":"standard","meta":{"footnotes":""},"categories":[7],"tags":[],"class_list":["post-1565","post","type-post","status-publish","format-standard","has-post-thumbnail","hentry","category-economia"],"_links":{"self":[{"href":"https:\/\/cafecommessias.com.br\/index.php?rest_route=\/wp\/v2\/posts\/1565","targetHints":{"allow":["GET"]}}],"collection":[{"href":"https:\/\/cafecommessias.com.br\/index.php?rest_route=\/wp\/v2\/posts"}],"about":[{"href":"https:\/\/cafecommessias.com.br\/index.php?rest_route=\/wp\/v2\/types\/post"}],"author":[{"embeddable":true,"href":"https:\/\/cafecommessias.com.br\/index.php?rest_route=\/wp\/v2\/users\/1"}],"replies":[{"embeddable":true,"href":"https:\/\/cafecommessias.com.br\/index.php?rest_route=%2Fwp%2Fv2%2Fcomments&post=1565"}],"version-history":[{"count":1,"href":"https:\/\/cafecommessias.com.br\/index.php?rest_route=\/wp\/v2\/posts\/1565\/revisions"}],"predecessor-version":[{"id":1568,"href":"https:\/\/cafecommessias.com.br\/index.php?rest_route=\/wp\/v2\/posts\/1565\/revisions\/1568"}],"wp:featuredmedia":[{"embeddable":true,"href":"https:\/\/cafecommessias.com.br\/index.php?rest_route=\/wp\/v2\/media\/1566"}],"wp:attachment":[{"href":"https:\/\/cafecommessias.com.br\/index.php?rest_route=%2Fwp%2Fv2%2Fmedia&parent=1565"}],"wp:term":[{"taxonomy":"category","embeddable":true,"href":"https:\/\/cafecommessias.com.br\/index.php?rest_route=%2Fwp%2Fv2%2Fcategories&post=1565"},{"taxonomy":"post_tag","embeddable":true,"href":"https:\/\/cafecommessias.com.br\/index.php?rest_route=%2Fwp%2Fv2%2Ftags&post=1565"}],"curies":[{"name":"wp","href":"https:\/\/api.w.org\/{rel}","templated":true}]}}