{"id":160,"date":"2025-07-10T14:23:38","date_gmt":"2025-07-10T17:23:38","guid":{"rendered":"http:\/\/cafecommessias.com.br\/?p=160"},"modified":"2025-07-10T14:23:53","modified_gmt":"2025-07-10T17:23:53","slug":"delegado-e-morto-durante-operacao-policial","status":"publish","type":"post","link":"https:\/\/cafecommessias.com.br\/?p=160","title":{"rendered":"Delegado \u00e9 morto durante opera\u00e7\u00e3o policial"},"content":{"rendered":"\n<p>Uma opera\u00e7\u00e3o da Pol\u00edcia Civil do Maranh\u00e3o terminou em trag\u00e9dia na manh\u00e3 desta quinta-feira (10), no povoado Boa Vista, zona rural de S\u00e3o Jo\u00e3o do S\u00f3ter, regi\u00e3o de Caxias (MA). O delegado M\u00e1rcio Mendes Silveira (foto em destaque) foi baleado e morreu no local, enquanto tentava cumprir um mandado de pris\u00e3o contra um suspeito de roubo. Outros dois agentes que o acompanhavam tamb\u00e9m foram atingidos pelos disparos, mas sobreviveram.<\/p>\n\n\n\n<p>A a\u00e7\u00e3o teve in\u00edcio nas primeiras horas do dia. Ao chegarem \u00e0 casa do alvo, identificado como Leandro da Silva Sousa, os policiais foram surpreendidos por tiros de espingarda. O delegado n\u00e3o resistiu ao ferimento. Os investigadores feridos foram socorridos e transferidos para um hospital em Teresina (PI), onde permanecem internados.<\/p>\n\n\n\n<p>Logo ap\u00f3s o ataque, o autor dos disparos conseguiu fugir. Equipes da Pol\u00edcia Civil e da Pol\u00edcia Militar foram mobilizadas para a regi\u00e3o. Refor\u00e7os de S\u00e3o Lu\u00eds, incluindo unidades de intelig\u00eancia, o Centro T\u00e1tico A\u00e9reo e grupos especializados, como o GOE e a For\u00e7a T\u00e1tica, foram enviados para apoiar as buscas.<\/p>\n\n\n\n<p>A morte do delegado gerou como\u00e7\u00e3o entre colegas de profiss\u00e3o e provocou uma rea\u00e7\u00e3o imediata das entidades de classe e do governo estadual. Em nota, a Associa\u00e7\u00e3o dos Delegados do Maranh\u00e3o (Adepol-MA) classificou o crime como uma agress\u00e3o \u00e0 pr\u00f3pria estrutura da seguran\u00e7a p\u00fablica e cobrou uma resposta r\u00e1pida e rigorosa das autoridades.<\/p>\n\n\n\n<p><sub>Por Metr\u00f3poles<\/sub><\/p>\n\n\n\n<p><\/p>\n","protected":false},"excerpt":{"rendered":"<p>Uma opera\u00e7\u00e3o da Pol\u00edcia Civil do Maranh\u00e3o terminou em trag\u00e9dia na manh\u00e3 desta quinta-feira (10), no povoado Boa Vista, zona rural de S\u00e3o Jo\u00e3o do S\u00f3ter, regi\u00e3o de Caxias (MA). O delegado M\u00e1rcio Mendes Silveira (foto em destaque) foi baleado e morreu no local, enquanto tentava cumprir um mandado de pris\u00e3o contra um suspeito de&#8230;<\/p>\n","protected":false},"author":1,"featured_media":161,"comment_status":"closed","ping_status":"closed","sticky":false,"template":"","format":"standard","meta":{"footnotes":""},"categories":[5],"tags":[],"class_list":["post-160","post","type-post","status-publish","format-standard","has-post-thumbnail","hentry","category-policia"],"_links":{"self":[{"href":"https:\/\/cafecommessias.com.br\/index.php?rest_route=\/wp\/v2\/posts\/160","targetHints":{"allow":["GET"]}}],"collection":[{"href":"https:\/\/cafecommessias.com.br\/index.php?rest_route=\/wp\/v2\/posts"}],"about":[{"href":"https:\/\/cafecommessias.com.br\/index.php?rest_route=\/wp\/v2\/types\/post"}],"author":[{"embeddable":true,"href":"https:\/\/cafecommessias.com.br\/index.php?rest_route=\/wp\/v2\/users\/1"}],"replies":[{"embeddable":true,"href":"https:\/\/cafecommessias.com.br\/index.php?rest_route=%2Fwp%2Fv2%2Fcomments&post=160"}],"version-history":[{"count":1,"href":"https:\/\/cafecommessias.com.br\/index.php?rest_route=\/wp\/v2\/posts\/160\/revisions"}],"predecessor-version":[{"id":162,"href":"https:\/\/cafecommessias.com.br\/index.php?rest_route=\/wp\/v2\/posts\/160\/revisions\/162"}],"wp:featuredmedia":[{"embeddable":true,"href":"https:\/\/cafecommessias.com.br\/index.php?rest_route=\/wp\/v2\/media\/161"}],"wp:attachment":[{"href":"https:\/\/cafecommessias.com.br\/index.php?rest_route=%2Fwp%2Fv2%2Fmedia&parent=160"}],"wp:term":[{"taxonomy":"category","embeddable":true,"href":"https:\/\/cafecommessias.com.br\/index.php?rest_route=%2Fwp%2Fv2%2Fcategories&post=160"},{"taxonomy":"post_tag","embeddable":true,"href":"https:\/\/cafecommessias.com.br\/index.php?rest_route=%2Fwp%2Fv2%2Ftags&post=160"}],"curies":[{"name":"wp","href":"https:\/\/api.w.org\/{rel}","templated":true}]}}