{"id":1610,"date":"2025-07-26T01:15:51","date_gmt":"2025-07-26T04:15:51","guid":{"rendered":"https:\/\/cafecommessias.com.br\/?p=1610"},"modified":"2025-07-26T01:15:51","modified_gmt":"2025-07-26T04:15:51","slug":"pgr-nega-domiciliar-a-general-que-confessou-plano-contra-lula-e-alckmin","status":"publish","type":"post","link":"https:\/\/cafecommessias.com.br\/?p=1610","title":{"rendered":"PGR nega domiciliar a general que confessou plano contra Lula e Alckmin"},"content":{"rendered":"\n<p>Mario Fernandes est\u00e1 preso desde novembro do ano passado; no Supremo, ele disse que plano era &#8220;pensamento digitalizado&#8221;<\/p>\n\n\n\n<p>A\u00a0<strong>Procuradoria-Geral da Rep\u00fablica (PGR)<\/strong>\u00a0se manifestou nesta sexta-feira (25) contra o pedido da defesa do general da reserva\u00a0<strong>Mario Fernandes<\/strong>\u00a0para converter a pris\u00e3o preventiva em domiciliar.<\/p>\n\n\n\n<p>O procurador-geral da Rep\u00fablica,&nbsp;<strong>Paulo Gonet<\/strong>, levou em conta a confiss\u00e3o do militar sobre a autoria do plano&nbsp;<strong>\u201cPunhal Verde e Amarelo\u201d<\/strong>, durante depoimento prestado ao Supremo Tribunal Federal (STF).<\/p>\n\n\n\n<p>&#8220;O acusado admitiu ter idealizado\u00a0e produzido o documento do plano &#8216;Punhal Verde e Amarelo&#8217;. As afirma\u00e7\u00f5es confirmam a hip\u00f3tese acusat\u00f3ria e, se interpretadas \u00e0 luz de todo o contexto probat\u00f3rio, tornam inveross\u00edmil presumir que o requerente, ap\u00f3s confeccionar o material, n\u00e3o o divulgou a seus pares, denunciados por delitos da mesma natureza&#8221;, afirmou Gonet.<\/p>\n\n\n\n<p>Mario Fernandes\u00a0est\u00e1 preso preventivamente desde novembro do ano passado, ap\u00f3s opera\u00e7\u00e3o da Pol\u00edcia Federal que encontrou o documento em seu computador. O plano previa o assassinato do presidente\u00a0<strong>Luiz In\u00e1cio Lula da Silva<\/strong>\u00a0(PT), do vice-presidente\u00a0<strong>Geraldo Alckmin<\/strong>\u00a0(PSB) e do ministro\u00a0<strong>Alexandre de Moraes<\/strong>, do STF.<\/p>\n\n\n\n<p>Em depoimento, o general admitiu ter elaborado o texto, mas disse que se tratava apenas de uma&nbsp;<strong>\u201can\u00e1lise de risco\u201d<\/strong>&nbsp;pessoal, sem inten\u00e7\u00e3o de execu\u00e7\u00e3o.<\/p>\n\n\n\n<p>\u201cEsse arquivo digital nada mais retrata do que um pensamento meu que foi digitalizado. Um compilar de dados, um estudo de situa\u00e7\u00e3o meu, uma an\u00e1lise de riscos que eu fiz e por costume pr\u00f3prio resolvi digitalizar. N\u00e3o foi apresentado a ningu\u00e9m e nem compartilhado com ningu\u00e9m\u201d, declarou.<\/p>\n\n\n\n<p>Na \u00e9poca em que o plano foi redigido, Fernandes ocupava o cargo de n\u00famero dois da Secretaria-Geral da Presid\u00eancia no governo de&nbsp;<strong>Jair Bolsonaro<\/strong>&nbsp;(PL).<\/p>\n\n\n\n<p>Entre 2018 e 2020, comandou as Opera\u00e7\u00f5es Especiais do Ex\u00e9rcito \u2014 os chamados&nbsp;<strong>\u201ckids pretos\u201d<\/strong>&nbsp;\u2014 grupo que, segundo a PF, seria respons\u00e1vel por executar a\u00e7\u00f5es previstas no plano de golpe.<\/p>\n\n\n\n<p>Moraes j\u00e1 havia negado dois pedidos da defesa para converter a pris\u00e3o em domiciliar, nos dias 14 de abril e 7 de julho. Ap\u00f3s as negativas, os advogados apresentaram um agravo regimental.<\/p>\n\n\n\n<p>\u00c0&nbsp;<strong>CNN<\/strong>, o advogado&nbsp;<strong>Marcus Vinicius Figueiredo<\/strong>, que comp\u00f5e a defesa do militar, afirmou que a declara\u00e7\u00e3o n\u00e3o representa um fato novo; nem configura confiss\u00e3o de plano criminoso.<\/p>\n\n\n\n<p>&#8220;O general nunca disse que fez um plano para matar algu\u00e9m. Ele apenas reconheceu que o documento encontrado no HD era dele. E sobre isso n\u00e3o \u00e9 fato novo&#8221;, declarou.<\/p>\n\n\n\n<h4 class=\"wp-block-heading\">O que \u00e9 o plano Punhal Verde e Amarelo<\/h4>\n\n\n\n<p>De acordo com a Pol\u00edcia Federal, o plano \u201cPunhal Verde e Amarelo\u201d detalhava o assassinato de autoridades e etapas para a instala\u00e7\u00e3o de um regime militar. No documento,&nbsp;<strong>Lula \u00e9 citado como \u201cJeca\u201d, Alckmin como \u201cJoca\u201d e um terceiro codinome, \u201cJuca\u201d, ainda n\u00e3o foi identificado<\/strong>.<\/p>\n\n\n\n<p>A investiga\u00e7\u00e3o aponta que o\u00a0arquivo foi impresso por Fernandes dentro do Pal\u00e1cio do Planalto. Em seguida, ele teria se deslocado at\u00e9 o Pal\u00e1cio da Alvorada, onde se encontrou com o ent\u00e3o ajudante de ordens de\u00a0<strong>Bolsonaro<\/strong>, tenente-coronel\u00a0<strong>Mauro Cid<\/strong>.<\/p>\n\n\n\n<p>A PF e a PGR sustentam que Jair Bolsonaro tinha&nbsp;<strong>\u201cpleno conhecimento\u201d<\/strong>&nbsp;do conte\u00fado e do plano.<\/p>\n\n\n\n<p><sub>por CNN, Bras\u00edlia<\/sub><\/p>\n","protected":false},"excerpt":{"rendered":"<p>Mario Fernandes est\u00e1 preso desde novembro do ano passado; no Supremo, ele disse que plano era &#8220;pensamento digitalizado&#8221; A\u00a0Procuradoria-Geral da Rep\u00fablica (PGR)\u00a0se manifestou nesta sexta-feira (25) contra o pedido da defesa do general da reserva\u00a0Mario Fernandes\u00a0para converter a pris\u00e3o preventiva em domiciliar. O procurador-geral da Rep\u00fablica,&nbsp;Paulo Gonet, levou em conta a confiss\u00e3o do militar sobre&#8230;<\/p>\n","protected":false},"author":1,"featured_media":1611,"comment_status":"open","ping_status":"open","sticky":false,"template":"","format":"standard","meta":{"footnotes":""},"categories":[3],"tags":[],"class_list":["post-1610","post","type-post","status-publish","format-standard","has-post-thumbnail","hentry","category-geral"],"_links":{"self":[{"href":"https:\/\/cafecommessias.com.br\/index.php?rest_route=\/wp\/v2\/posts\/1610","targetHints":{"allow":["GET"]}}],"collection":[{"href":"https:\/\/cafecommessias.com.br\/index.php?rest_route=\/wp\/v2\/posts"}],"about":[{"href":"https:\/\/cafecommessias.com.br\/index.php?rest_route=\/wp\/v2\/types\/post"}],"author":[{"embeddable":true,"href":"https:\/\/cafecommessias.com.br\/index.php?rest_route=\/wp\/v2\/users\/1"}],"replies":[{"embeddable":true,"href":"https:\/\/cafecommessias.com.br\/index.php?rest_route=%2Fwp%2Fv2%2Fcomments&post=1610"}],"version-history":[{"count":1,"href":"https:\/\/cafecommessias.com.br\/index.php?rest_route=\/wp\/v2\/posts\/1610\/revisions"}],"predecessor-version":[{"id":1612,"href":"https:\/\/cafecommessias.com.br\/index.php?rest_route=\/wp\/v2\/posts\/1610\/revisions\/1612"}],"wp:featuredmedia":[{"embeddable":true,"href":"https:\/\/cafecommessias.com.br\/index.php?rest_route=\/wp\/v2\/media\/1611"}],"wp:attachment":[{"href":"https:\/\/cafecommessias.com.br\/index.php?rest_route=%2Fwp%2Fv2%2Fmedia&parent=1610"}],"wp:term":[{"taxonomy":"category","embeddable":true,"href":"https:\/\/cafecommessias.com.br\/index.php?rest_route=%2Fwp%2Fv2%2Fcategories&post=1610"},{"taxonomy":"post_tag","embeddable":true,"href":"https:\/\/cafecommessias.com.br\/index.php?rest_route=%2Fwp%2Fv2%2Ftags&post=1610"}],"curies":[{"name":"wp","href":"https:\/\/api.w.org\/{rel}","templated":true}]}}