{"id":1687,"date":"2025-07-26T23:02:00","date_gmt":"2025-07-27T02:02:00","guid":{"rendered":"https:\/\/cafecommessias.com.br\/?p=1687"},"modified":"2025-07-26T23:02:33","modified_gmt":"2025-07-27T02:02:33","slug":"voo-da-azul-faz-desvio-de-rota-e-pousa-em-recife-apos-piloto-passar-mal","status":"publish","type":"post","link":"https:\/\/cafecommessias.com.br\/?p=1687","title":{"rendered":"Voo da azul faz desvio de rota e pousa em Recife ap\u00f3s piloto passar mal"},"content":{"rendered":"\n<p>Um voo da Azul Linhas A\u00e9reas, que decolou de Porto, em Portugal, com destino a Campinas (SP), precisou realizar um desvio de rota na tarde de sexta-feira, 25, pousando no Aeroporto Internacional do Recife, em Pernambuco, ap\u00f3s um dos tripulantes apresentar um mal s\u00fabito.<\/p>\n\n\n\n<p>A aeronave, um Airbus A330-900, de matr\u00edcula PR-ANX, cumpria o voo AD-8803 com destino ao Aeroporto de Viracopos, quando a tripula\u00e7\u00e3o declarou emerg\u00eancia m\u00e9dica ao sobrevoar a regi\u00e3o de Fortaleza (CE).<\/p>\n\n\n\n<p>Em nota enviada ao Estad\u00e3o, a Azul negou as primeiras informa\u00e7\u00f5es, de que teria havia um pouso de emerg\u00eancia. \u201cN\u00e3o foi declarada emerg\u00eancia para pouso, mas sim um alternado, que \u00e9 a mudan\u00e7a de rota, a\u00e7\u00e3o normal na avia\u00e7\u00e3o\u201d, afirma a mensagem.<\/p>\n\n\n\n<p>A empresa tamb\u00e9m negou que o tripulante tivesse apresentado sinais de um poss\u00edvel Acidente Vascular Cerebral (AVC), como foi divulgado inicialmente em um site especializado.<\/p>\n\n\n\n<p>Segundo informa\u00e7\u00f5es do canal especializado papacharliegolfbr, o tripulante seria um homem de 59 anos, que seria o comandante da aeronave.<\/p>\n\n\n\n<p>A identidade do tripulante n\u00e3o foi revelada oficialmente pela companhia a\u00e9rea, que, em nota, afirmou que o desvio foi necess\u00e1rio para garantir o suporte m\u00e9dico imediato.<\/p>\n\n\n\n<p>\u201cA Azul lamenta eventuais transtornos e ressalta que medidas como essas s\u00e3o necess\u00e1rias para conferir a seguran\u00e7a de suas opera\u00e7\u00f5es, valor primordial para a companhia\u201d, informou a empresa.<\/p>\n\n\n\n<p>O pouso ocorreu por volta das 17h, e a aeronave permaneceu no solo por aproximadamente uma hora e meia, partindo novamente \u00e0s 18h40 com destino a Campinas.<\/p>\n\n\n\n<p>Passageiros relataram nas redes sociais que o pouso foi realizado com tranquilidade e agradeceram ao copiloto pelo comando seguro da opera\u00e7\u00e3o.<\/p>\n\n\n\n<p><sub>Por <em>Estad\u00e3o Conteudo<\/em><\/sub><\/p>\n\n\n\n<p class=\"has-text-align-center\"><strong><em>PUBLICIDADE<\/em><\/strong><\/p>\n\n\n\n<figure class=\"wp-block-image size-full\"><img loading=\"lazy\" decoding=\"async\" width=\"750\" height=\"200\" src=\"https:\/\/cafecommessias.com.br\/wp-content\/uploads\/2025\/07\/172346829268852248-3.png\" alt=\"\" class=\"wp-image-1688\" srcset=\"https:\/\/cafecommessias.com.br\/wp-content\/uploads\/2025\/07\/172346829268852248-3.png 750w, https:\/\/cafecommessias.com.br\/wp-content\/uploads\/2025\/07\/172346829268852248-3-300x80.png 300w\" sizes=\"auto, (max-width: 750px) 100vw, 750px\" \/><\/figure>\n","protected":false},"excerpt":{"rendered":"<p>Um voo da Azul Linhas A\u00e9reas, que decolou de Porto, em Portugal, com destino a Campinas (SP), precisou realizar um desvio de rota na tarde de sexta-feira, 25, pousando no Aeroporto Internacional do Recife, em Pernambuco, ap\u00f3s um dos tripulantes apresentar um mal s\u00fabito. A aeronave, um Airbus A330-900, de matr\u00edcula PR-ANX, cumpria o voo&#8230;<\/p>\n","protected":false},"author":1,"featured_media":1689,"comment_status":"open","ping_status":"closed","sticky":false,"template":"","format":"standard","meta":{"footnotes":""},"categories":[3],"tags":[],"class_list":["post-1687","post","type-post","status-publish","format-standard","has-post-thumbnail","hentry","category-geral"],"_links":{"self":[{"href":"https:\/\/cafecommessias.com.br\/index.php?rest_route=\/wp\/v2\/posts\/1687","targetHints":{"allow":["GET"]}}],"collection":[{"href":"https:\/\/cafecommessias.com.br\/index.php?rest_route=\/wp\/v2\/posts"}],"about":[{"href":"https:\/\/cafecommessias.com.br\/index.php?rest_route=\/wp\/v2\/types\/post"}],"author":[{"embeddable":true,"href":"https:\/\/cafecommessias.com.br\/index.php?rest_route=\/wp\/v2\/users\/1"}],"replies":[{"embeddable":true,"href":"https:\/\/cafecommessias.com.br\/index.php?rest_route=%2Fwp%2Fv2%2Fcomments&post=1687"}],"version-history":[{"count":1,"href":"https:\/\/cafecommessias.com.br\/index.php?rest_route=\/wp\/v2\/posts\/1687\/revisions"}],"predecessor-version":[{"id":1690,"href":"https:\/\/cafecommessias.com.br\/index.php?rest_route=\/wp\/v2\/posts\/1687\/revisions\/1690"}],"wp:featuredmedia":[{"embeddable":true,"href":"https:\/\/cafecommessias.com.br\/index.php?rest_route=\/wp\/v2\/media\/1689"}],"wp:attachment":[{"href":"https:\/\/cafecommessias.com.br\/index.php?rest_route=%2Fwp%2Fv2%2Fmedia&parent=1687"}],"wp:term":[{"taxonomy":"category","embeddable":true,"href":"https:\/\/cafecommessias.com.br\/index.php?rest_route=%2Fwp%2Fv2%2Fcategories&post=1687"},{"taxonomy":"post_tag","embeddable":true,"href":"https:\/\/cafecommessias.com.br\/index.php?rest_route=%2Fwp%2Fv2%2Ftags&post=1687"}],"curies":[{"name":"wp","href":"https:\/\/api.w.org\/{rel}","templated":true}]}}