{"id":1691,"date":"2025-07-26T23:05:59","date_gmt":"2025-07-27T02:05:59","guid":{"rendered":"https:\/\/cafecommessias.com.br\/?p=1691"},"modified":"2025-07-26T23:07:04","modified_gmt":"2025-07-27T02:07:04","slug":"apos-prisoes-policia-civil-localiza-corpo-do-adolescente-ricadison-wiliam-em-pitangui","status":"publish","type":"post","link":"https:\/\/cafecommessias.com.br\/?p=1691","title":{"rendered":"Ap\u00f3s pris\u00f5es, Pol\u00edcia Civil localiza corpo do adolescente Ricadison Wiliam em Pitangui"},"content":{"rendered":"\n<p>A Pol\u00edcia Civil do Rio Grande do Norte informa que o corpo do adolescente Ricadison Wiliam Faria, de 16 anos, foi encontrado neste s\u00e1bado (26) na regi\u00e3o de Pitangui, no munic\u00edpio de Extremoz, na Grande Natal.<\/p>\n\n\n\n<p>O local foi indicado ap\u00f3s dilig\u00eancias realizadas pela equipe da 9\u00aa Delegacia de Homic\u00eddios e de Prote\u00e7\u00e3o \u00e0 Pessoa (9\u00aa DHPP\/Natal), especializada em casos de desaparecimento, no curso da investiga\u00e7\u00e3o que resultou, na \u00faltima sexta-feira (25), na pris\u00e3o tempor\u00e1ria de dois homens suspeitos de envolvimento no caso. Um terceiro homem tamb\u00e9m \u00e9 suspeito da morte do adolescente.<\/p>\n\n\n\n<p>A \u00e1rea foi isolada e periciada pelo Instituto T\u00e9cnico-Cient\u00edfico de Per\u00edcia (ITEP\/RN), e os procedimentos de identifica\u00e7\u00e3o oficial e demais exames periciais j\u00e1 foram iniciados. O Corpo de Bombeiros do RN tamb\u00e9m foi acionado.<\/p>\n\n\n\n<p>A Pol\u00edcia Civil segue com as investiga\u00e7\u00f5es para o completo esclarecimento dos fatos, incluindo a identifica\u00e7\u00e3o de poss\u00edveis coautores e a responsabiliza\u00e7\u00e3o criminal dos envolvidos.<\/p>\n\n\n\n<p class=\"has-text-align-center\"><strong><em>PUBLICIDADE<\/em><\/strong><\/p>\n\n\n\n<figure class=\"wp-block-image size-full\"><img loading=\"lazy\" decoding=\"async\" width=\"750\" height=\"200\" src=\"https:\/\/cafecommessias.com.br\/wp-content\/uploads\/2025\/07\/6623888142786548010-7.gif\" alt=\"\" class=\"wp-image-1473\"\/><\/figure>\n","protected":false},"excerpt":{"rendered":"<p>A Pol\u00edcia Civil do Rio Grande do Norte informa que o corpo do adolescente Ricadison Wiliam Faria, de 16 anos, foi encontrado neste s\u00e1bado (26) na regi\u00e3o de Pitangui, no munic\u00edpio de Extremoz, na Grande Natal. O local foi indicado ap\u00f3s dilig\u00eancias realizadas pela equipe da 9\u00aa Delegacia de Homic\u00eddios e de Prote\u00e7\u00e3o \u00e0 Pessoa&#8230;<\/p>\n","protected":false},"author":1,"featured_media":1692,"comment_status":"open","ping_status":"closed","sticky":false,"template":"","format":"standard","meta":{"footnotes":""},"categories":[23],"tags":[],"class_list":["post-1691","post","type-post","status-publish","format-standard","has-post-thumbnail","hentry","category-crime"],"_links":{"self":[{"href":"https:\/\/cafecommessias.com.br\/index.php?rest_route=\/wp\/v2\/posts\/1691","targetHints":{"allow":["GET"]}}],"collection":[{"href":"https:\/\/cafecommessias.com.br\/index.php?rest_route=\/wp\/v2\/posts"}],"about":[{"href":"https:\/\/cafecommessias.com.br\/index.php?rest_route=\/wp\/v2\/types\/post"}],"author":[{"embeddable":true,"href":"https:\/\/cafecommessias.com.br\/index.php?rest_route=\/wp\/v2\/users\/1"}],"replies":[{"embeddable":true,"href":"https:\/\/cafecommessias.com.br\/index.php?rest_route=%2Fwp%2Fv2%2Fcomments&post=1691"}],"version-history":[{"count":2,"href":"https:\/\/cafecommessias.com.br\/index.php?rest_route=\/wp\/v2\/posts\/1691\/revisions"}],"predecessor-version":[{"id":1694,"href":"https:\/\/cafecommessias.com.br\/index.php?rest_route=\/wp\/v2\/posts\/1691\/revisions\/1694"}],"wp:featuredmedia":[{"embeddable":true,"href":"https:\/\/cafecommessias.com.br\/index.php?rest_route=\/wp\/v2\/media\/1692"}],"wp:attachment":[{"href":"https:\/\/cafecommessias.com.br\/index.php?rest_route=%2Fwp%2Fv2%2Fmedia&parent=1691"}],"wp:term":[{"taxonomy":"category","embeddable":true,"href":"https:\/\/cafecommessias.com.br\/index.php?rest_route=%2Fwp%2Fv2%2Fcategories&post=1691"},{"taxonomy":"post_tag","embeddable":true,"href":"https:\/\/cafecommessias.com.br\/index.php?rest_route=%2Fwp%2Fv2%2Ftags&post=1691"}],"curies":[{"name":"wp","href":"https:\/\/api.w.org\/{rel}","templated":true}]}}