{"id":1695,"date":"2025-07-26T23:11:43","date_gmt":"2025-07-27T02:11:43","guid":{"rendered":"https:\/\/cafecommessias.com.br\/?p=1695"},"modified":"2025-07-26T23:18:51","modified_gmt":"2025-07-27T02:18:51","slug":"policial-civil-e-baleado-durante-operacao-contra-faccao-criminosa-em-extremoz","status":"publish","type":"post","link":"https:\/\/cafecommessias.com.br\/?p=1695","title":{"rendered":"Policial civil \u00e9 baleado durante opera\u00e7\u00e3o contra fac\u00e7\u00e3o criminosa em Extremoz"},"content":{"rendered":"\n<p>Um policial civil foi baleado durante uma grande opera\u00e7\u00e3o em Extremoz neste s\u00e1bado 26 contra uma fac\u00e7\u00e3o criminosa. Segundo informa\u00e7\u00f5es, \u00e9 um trabalho conjunto da Pol\u00edcia Civil, Militar e Rodovi\u00e1ria Federal.<\/p>\n\n\n\n<p>A troca de tiros aconteceu em um local chamado Portal do Sol e os suspeitos s\u00e3o apontados em envolvimento com assaltos a bancos.<\/p>\n\n\n\n<p>N\u00e3o foi divulgado informa\u00e7\u00f5es do estado de sa\u00fade do policial baleado. Durante a opera\u00e7\u00e3o, o helic\u00f3ptero Potiguar 2 foi acionado para apoiar a\u00e9reo \u00e0s equipes em solo.<\/p>\n\n\n\n<p><strong><sub>Reda\u00e7\u00e3o<\/sub><\/strong><\/p>\n\n\n\n<p class=\"has-text-align-center\"><strong><em>PUBLICIDADE<\/em><\/strong><\/p>\n\n\n\n<figure class=\"wp-block-image size-full is-resized\"><img loading=\"lazy\" decoding=\"async\" width=\"750\" height=\"200\" src=\"https:\/\/cafecommessias.com.br\/wp-content\/uploads\/2025\/07\/FESTA-DO-BODE-MOSSORO.png\" alt=\"\" class=\"wp-image-1702\" style=\"width:840px;height:auto\" srcset=\"https:\/\/cafecommessias.com.br\/wp-content\/uploads\/2025\/07\/FESTA-DO-BODE-MOSSORO.png 750w, https:\/\/cafecommessias.com.br\/wp-content\/uploads\/2025\/07\/FESTA-DO-BODE-MOSSORO-300x80.png 300w\" sizes=\"auto, (max-width: 750px) 100vw, 750px\" \/><\/figure>\n\n\n\n<p>.<\/p>\n","protected":false},"excerpt":{"rendered":"<p>Um policial civil foi baleado durante uma grande opera\u00e7\u00e3o em Extremoz neste s\u00e1bado 26 contra uma fac\u00e7\u00e3o criminosa. Segundo informa\u00e7\u00f5es, \u00e9 um trabalho conjunto da Pol\u00edcia Civil, Militar e Rodovi\u00e1ria Federal. A troca de tiros aconteceu em um local chamado Portal do Sol e os suspeitos s\u00e3o apontados em envolvimento com assaltos a bancos. N\u00e3o&#8230;<\/p>\n","protected":false},"author":1,"featured_media":1696,"comment_status":"open","ping_status":"closed","sticky":false,"template":"","format":"standard","meta":{"footnotes":""},"categories":[5],"tags":[],"class_list":["post-1695","post","type-post","status-publish","format-standard","has-post-thumbnail","hentry","category-policia"],"_links":{"self":[{"href":"https:\/\/cafecommessias.com.br\/index.php?rest_route=\/wp\/v2\/posts\/1695","targetHints":{"allow":["GET"]}}],"collection":[{"href":"https:\/\/cafecommessias.com.br\/index.php?rest_route=\/wp\/v2\/posts"}],"about":[{"href":"https:\/\/cafecommessias.com.br\/index.php?rest_route=\/wp\/v2\/types\/post"}],"author":[{"embeddable":true,"href":"https:\/\/cafecommessias.com.br\/index.php?rest_route=\/wp\/v2\/users\/1"}],"replies":[{"embeddable":true,"href":"https:\/\/cafecommessias.com.br\/index.php?rest_route=%2Fwp%2Fv2%2Fcomments&post=1695"}],"version-history":[{"count":5,"href":"https:\/\/cafecommessias.com.br\/index.php?rest_route=\/wp\/v2\/posts\/1695\/revisions"}],"predecessor-version":[{"id":1703,"href":"https:\/\/cafecommessias.com.br\/index.php?rest_route=\/wp\/v2\/posts\/1695\/revisions\/1703"}],"wp:featuredmedia":[{"embeddable":true,"href":"https:\/\/cafecommessias.com.br\/index.php?rest_route=\/wp\/v2\/media\/1696"}],"wp:attachment":[{"href":"https:\/\/cafecommessias.com.br\/index.php?rest_route=%2Fwp%2Fv2%2Fmedia&parent=1695"}],"wp:term":[{"taxonomy":"category","embeddable":true,"href":"https:\/\/cafecommessias.com.br\/index.php?rest_route=%2Fwp%2Fv2%2Fcategories&post=1695"},{"taxonomy":"post_tag","embeddable":true,"href":"https:\/\/cafecommessias.com.br\/index.php?rest_route=%2Fwp%2Fv2%2Ftags&post=1695"}],"curies":[{"name":"wp","href":"https:\/\/api.w.org\/{rel}","templated":true}]}}