{"id":1709,"date":"2025-07-27T10:30:52","date_gmt":"2025-07-27T13:30:52","guid":{"rendered":"https:\/\/cafecommessias.com.br\/?p=1709"},"modified":"2025-07-27T10:40:14","modified_gmt":"2025-07-27T13:40:14","slug":"criminoso-mais-procurado-do-rn-marcelo-pica-pau-morre-durante-operacao-policial","status":"publish","type":"post","link":"https:\/\/cafecommessias.com.br\/?p=1709","title":{"rendered":"V\u00cdDEO: Criminoso mais procurado do RN, Marcelo \u201cPica-Pau\u201d morre durante opera\u00e7\u00e3o policial"},"content":{"rendered":"\n<p>Marcelo Jhonny Viana Bastos, conhecido como \u201cPica-Pau\u201d, morreu na manh\u00e3 deste domingo (27) durante confronto com agentes da Pol\u00edcia Militar e da Pol\u00edcia Civil. O criminoso, que era considerado o mais procurado do Rio Grande do Norte, foi alvo de um cerco policial que estava montado desde a manh\u00e3 de s\u00e1bado (26), nas proximidades de uma resid\u00eancia em Extremoz, na Grande Natal.<\/p>\n\n\n\n<figure class=\"wp-block-video\"><video height=\"850\" style=\"aspect-ratio: 472 \/ 850;\" width=\"472\" controls src=\"https:\/\/cafecommessias.com.br\/wp-content\/uploads\/2025\/07\/WhatsApp-Video-2025-07-27-at-10.31.58.mp4\"><\/video><\/figure>\n\n\n\n<p><strong>Casa onde Marcelo &#8216;Pica-Pau&#8217; se abrigou durante o confronto, ficou totalmente destruida. <\/strong><\/p>\n\n\n\n<p>Marcelo Pica-Pau era procurado por uma s\u00e9rie de crimes, entre eles o assalto a um carro-forte no estacionamento de um supermercado em Capim Macio, ocorrido em agosto de 2024. Na ocasi\u00e3o, o vigilante Janielson Carvalho Correia foi morto durante a a\u00e7\u00e3o criminosa.<\/p>\n\n\n\n<p>A opera\u00e7\u00e3o come\u00e7ou na manh\u00e3 de s\u00e1bado (26), por volta das 10h30, ap\u00f3s equipes da Delegacia de Extremoz e do 16\u00ba Batalh\u00e3o da PM serem acionadas para investigar uma den\u00fancia sobre um ve\u00edculo roubado encontrado em uma resid\u00eancia no Portal do Sol. Desde ent\u00e3o, a Pol\u00edcia Militar, em conjunto com equipes da Pol\u00edcia Civil, mantiveram o cerco para tentar prender Pica-Pau. Durante as negocia\u00e7\u00f5es, familiares do suspeito tamb\u00e9m estiveram no local e tentaram uma negocia\u00e7\u00e3o para ele se render, mas sem sucesso.<\/p>\n\n\n\n<p>No come\u00e7o da noite de s\u00e1bado (26), a Pol\u00edcia Civil informou que um homem e uma mulher que estavam na mesma resid\u00eancia que \u201cPica-Pau\u201d foram mortos na troca de tiros. Al\u00e9m disso, ainda durante o primeiro dia do cerco, um policial foi ferido por estilha\u00e7os.<\/p>\n\n\n\n<p class=\"has-text-align-center\"><strong><em>PUBLICIDADE<\/em><\/strong><\/p>\n\n\n\n<figure class=\"wp-block-image size-full\"><img loading=\"lazy\" decoding=\"async\" width=\"750\" height=\"200\" src=\"https:\/\/cafecommessias.com.br\/wp-content\/uploads\/2025\/07\/FESTA-DO-BODE-MOSSORO-1.png\" alt=\"\" class=\"wp-image-1711\" srcset=\"https:\/\/cafecommessias.com.br\/wp-content\/uploads\/2025\/07\/FESTA-DO-BODE-MOSSORO-1.png 750w, https:\/\/cafecommessias.com.br\/wp-content\/uploads\/2025\/07\/FESTA-DO-BODE-MOSSORO-1-300x80.png 300w\" sizes=\"auto, (max-width: 750px) 100vw, 750px\" \/><\/figure>\n\n\n\n<p>.<\/p>\n","protected":false},"excerpt":{"rendered":"<p>Marcelo Jhonny Viana Bastos, conhecido como \u201cPica-Pau\u201d, morreu na manh\u00e3 deste domingo (27) durante confronto com agentes da Pol\u00edcia Militar e da Pol\u00edcia Civil. O criminoso, que era considerado o mais procurado do Rio Grande do Norte, foi alvo de um cerco policial que estava montado desde a manh\u00e3 de s\u00e1bado (26), nas proximidades de&#8230;<\/p>\n","protected":false},"author":1,"featured_media":1712,"comment_status":"open","ping_status":"closed","sticky":false,"template":"","format":"standard","meta":{"footnotes":""},"categories":[5],"tags":[],"class_list":["post-1709","post","type-post","status-publish","format-standard","has-post-thumbnail","hentry","category-policia"],"_links":{"self":[{"href":"https:\/\/cafecommessias.com.br\/index.php?rest_route=\/wp\/v2\/posts\/1709","targetHints":{"allow":["GET"]}}],"collection":[{"href":"https:\/\/cafecommessias.com.br\/index.php?rest_route=\/wp\/v2\/posts"}],"about":[{"href":"https:\/\/cafecommessias.com.br\/index.php?rest_route=\/wp\/v2\/types\/post"}],"author":[{"embeddable":true,"href":"https:\/\/cafecommessias.com.br\/index.php?rest_route=\/wp\/v2\/users\/1"}],"replies":[{"embeddable":true,"href":"https:\/\/cafecommessias.com.br\/index.php?rest_route=%2Fwp%2Fv2%2Fcomments&post=1709"}],"version-history":[{"count":4,"href":"https:\/\/cafecommessias.com.br\/index.php?rest_route=\/wp\/v2\/posts\/1709\/revisions"}],"predecessor-version":[{"id":1718,"href":"https:\/\/cafecommessias.com.br\/index.php?rest_route=\/wp\/v2\/posts\/1709\/revisions\/1718"}],"wp:featuredmedia":[{"embeddable":true,"href":"https:\/\/cafecommessias.com.br\/index.php?rest_route=\/wp\/v2\/media\/1712"}],"wp:attachment":[{"href":"https:\/\/cafecommessias.com.br\/index.php?rest_route=%2Fwp%2Fv2%2Fmedia&parent=1709"}],"wp:term":[{"taxonomy":"category","embeddable":true,"href":"https:\/\/cafecommessias.com.br\/index.php?rest_route=%2Fwp%2Fv2%2Fcategories&post=1709"},{"taxonomy":"post_tag","embeddable":true,"href":"https:\/\/cafecommessias.com.br\/index.php?rest_route=%2Fwp%2Fv2%2Ftags&post=1709"}],"curies":[{"name":"wp","href":"https:\/\/api.w.org\/{rel}","templated":true}]}}