{"id":1722,"date":"2025-07-27T10:59:07","date_gmt":"2025-07-27T13:59:07","guid":{"rendered":"https:\/\/cafecommessias.com.br\/?p=1722"},"modified":"2025-07-27T10:59:24","modified_gmt":"2025-07-27T13:59:24","slug":"policia-investiga-conexoes-do-grupo-liderado-por-marcelo-pica-pau-com-homicidios-na-grande-natal","status":"publish","type":"post","link":"https:\/\/cafecommessias.com.br\/?p=1722","title":{"rendered":"Pol\u00edcia investiga conex\u00f5es do grupo liderado por Marcelo \u201cPica-Pau\u201d com homic\u00eddios na Grande Natal"},"content":{"rendered":"\n<p>A Pol\u00edcia Civil do Rio Grande do Norte (PCRN) informou que as investiga\u00e7\u00f5es sobre a atua\u00e7\u00e3o da organiza\u00e7\u00e3o criminosa liderada por Marcelo \u201cPica-Pau\u201d, morto durante opera\u00e7\u00e3o policial na manh\u00e3 deste domingo (27), seguem em curso. Segundo a PCRN, as apura\u00e7\u00f5es apontam conex\u00f5es do grupo com homic\u00eddios registrados nos munic\u00edpios de Touros e em outras localidades da Grande Natal, apurados pela Divis\u00e3o de Homic\u00eddios e de Prote\u00e7\u00e3o \u00e0 Pessoa (DHPP).<\/p>\n\n\n\n<p>A opera\u00e7\u00e3o que resultou na morte de Pica-pau, al\u00e9m de outros dois criminosos que estavam com ele, foi deflagrada na manh\u00e3 do \u00faltimo s\u00e1bado (26) com o objetivo de cumprir mandados judiciais contra integrantes de uma organiza\u00e7\u00e3o criminosa com atua\u00e7\u00e3o interestadual. A a\u00e7\u00e3o ocorreu no munic\u00edpio de Extremoz, na Grande Natal.<\/p>\n\n\n\n<p>Durante o cumprimento dos mandados judiciais, os policiais civis foram recebidos com tiros de fuzil e explosivos por Marcelo Johnny Viana Bastos, conhecido como \u201cPica Pau\u201d, apontado como um dos criminosos mais procurados do estado. Na ocasi\u00e3o, houve intenso tiroteio, resultando em seis agentes feridos \u2014 quatro policiais civis e dois policiais militares \u2014 todos socorridos, sem risco de morte. Durante a a\u00e7\u00e3o, uma mulher, companheira do investigado, foi atingida, socorrida, mas faleceu no hospital. Um segundo suspeito tamb\u00e9m foi alvejado, falecendo no local.<\/p>\n\n\n\n<p>Ap\u00f3s um longo per\u00edodo de negocia\u00e7\u00e3o conduzida pelo BOPE da PMRN, ele se recusou a se render. Diante da resist\u00eancia e do confronto armado, a Pol\u00edcia Civil informou que ele foi atingido e neutralizado no local, na manh\u00e3 deste domingo (27).<\/p>\n\n\n\n<p>Marcelo Johnny era investigado por diversos crimes graves, incluindo o latroc\u00ednio da jovem Maria Bruna Pereira Assun\u00e7\u00e3o, de 27 anos, ocorrido em junho de 2025, no munic\u00edpio de Cear\u00e1-Mirim, al\u00e9m do roubo a uma empresa de valores localizada em um supermercado de Natal, ocasi\u00e3o em que um vigilante foi morto e uma quantia em dinheiro subtra\u00edda.<\/p>\n\n\n\n<p>A opera\u00e7\u00e3o contou com o apoio da Pol\u00edcia Rodovi\u00e1ria Federal (PRF), do Batalh\u00e3o de Opera\u00e7\u00f5es Policiais Especiais da Pol\u00edcia Militar (BOPE\/PMRN) e do Ciberlab, do Minist\u00e9rio da Justi\u00e7a e Seguran\u00e7a P\u00fablica.<\/p>\n\n\n\n<p>Uma coletiva de imprensa ser\u00e1 realizada nesta segunda-feira (28), \u00e0s 12h, na sede da Secretaria de Estado da Seguran\u00e7a P\u00fablica e da Defesa Social (Sesed), com o objetivo de detalhar a \u201cOpera\u00e7\u00e3o Cratos\u201d, deflagrada em Extremoz. Participar\u00e3o da coletiva representantes das for\u00e7as de seguran\u00e7a envolvidas na a\u00e7\u00e3o.<\/p>\n\n\n\n<p class=\"has-text-align-center\"><strong><em>PUBLICIDADE<\/em><\/strong><\/p>\n\n\n\n<figure class=\"wp-block-image size-full\"><img loading=\"lazy\" decoding=\"async\" width=\"750\" height=\"200\" src=\"https:\/\/cafecommessias.com.br\/wp-content\/uploads\/2025\/07\/FESTA-DO-BODE-MOSSORO-1.png\" alt=\"\" class=\"wp-image-1711\" srcset=\"https:\/\/cafecommessias.com.br\/wp-content\/uploads\/2025\/07\/FESTA-DO-BODE-MOSSORO-1.png 750w, https:\/\/cafecommessias.com.br\/wp-content\/uploads\/2025\/07\/FESTA-DO-BODE-MOSSORO-1-300x80.png 300w\" sizes=\"auto, (max-width: 750px) 100vw, 750px\" \/><\/figure>\n\n\n\n<p>.<\/p>\n\n\n\n<p><\/p>\n","protected":false},"excerpt":{"rendered":"<p>A Pol\u00edcia Civil do Rio Grande do Norte (PCRN) informou que as investiga\u00e7\u00f5es sobre a atua\u00e7\u00e3o da organiza\u00e7\u00e3o criminosa liderada por Marcelo \u201cPica-Pau\u201d, morto durante opera\u00e7\u00e3o policial na manh\u00e3 deste domingo (27), seguem em curso. Segundo a PCRN, as apura\u00e7\u00f5es apontam conex\u00f5es do grupo com homic\u00eddios registrados nos munic\u00edpios de Touros e em outras localidades&#8230;<\/p>\n","protected":false},"author":1,"featured_media":1723,"comment_status":"open","ping_status":"closed","sticky":false,"template":"","format":"standard","meta":{"footnotes":""},"categories":[5],"tags":[],"class_list":["post-1722","post","type-post","status-publish","format-standard","has-post-thumbnail","hentry","category-policia"],"_links":{"self":[{"href":"https:\/\/cafecommessias.com.br\/index.php?rest_route=\/wp\/v2\/posts\/1722","targetHints":{"allow":["GET"]}}],"collection":[{"href":"https:\/\/cafecommessias.com.br\/index.php?rest_route=\/wp\/v2\/posts"}],"about":[{"href":"https:\/\/cafecommessias.com.br\/index.php?rest_route=\/wp\/v2\/types\/post"}],"author":[{"embeddable":true,"href":"https:\/\/cafecommessias.com.br\/index.php?rest_route=\/wp\/v2\/users\/1"}],"replies":[{"embeddable":true,"href":"https:\/\/cafecommessias.com.br\/index.php?rest_route=%2Fwp%2Fv2%2Fcomments&post=1722"}],"version-history":[{"count":1,"href":"https:\/\/cafecommessias.com.br\/index.php?rest_route=\/wp\/v2\/posts\/1722\/revisions"}],"predecessor-version":[{"id":1724,"href":"https:\/\/cafecommessias.com.br\/index.php?rest_route=\/wp\/v2\/posts\/1722\/revisions\/1724"}],"wp:featuredmedia":[{"embeddable":true,"href":"https:\/\/cafecommessias.com.br\/index.php?rest_route=\/wp\/v2\/media\/1723"}],"wp:attachment":[{"href":"https:\/\/cafecommessias.com.br\/index.php?rest_route=%2Fwp%2Fv2%2Fmedia&parent=1722"}],"wp:term":[{"taxonomy":"category","embeddable":true,"href":"https:\/\/cafecommessias.com.br\/index.php?rest_route=%2Fwp%2Fv2%2Fcategories&post=1722"},{"taxonomy":"post_tag","embeddable":true,"href":"https:\/\/cafecommessias.com.br\/index.php?rest_route=%2Fwp%2Fv2%2Ftags&post=1722"}],"curies":[{"name":"wp","href":"https:\/\/api.w.org\/{rel}","templated":true}]}}