{"id":1725,"date":"2025-07-27T22:06:21","date_gmt":"2025-07-28T01:06:21","guid":{"rendered":"https:\/\/cafecommessias.com.br\/?p=1725"},"modified":"2025-07-27T22:06:41","modified_gmt":"2025-07-28T01:06:41","slug":"maduro-nao-e-o-presidente-da-venezuela-e-seu-governo-e-ilegitimo-dizem-eua","status":"publish","type":"post","link":"https:\/\/cafecommessias.com.br\/?p=1725","title":{"rendered":"Maduro n\u00e3o \u00e9 o presidente da Venezuela e seu governo \u00e9 ileg\u00edtimo, dizem EUA"},"content":{"rendered":"\n<p>O Departamento de Estados dos Estados Unidos afirmou em um comunicado neste domingo (27) que o ditador Nicol\u00e1s Maduro n\u00e3o \u00e9 o presidente da Venezuela e que seu regime n\u00e3o \u00e9 o governo leg\u00edtimo.&nbsp;O texto \u00e9 assinado pelo secret\u00e1rio de Estado, Marco Rubio.<\/p>\n\n\n\n<p>O comunicado marca o anivers\u00e1rio de um ano desde que Maduro foi declarado vencedor das elei\u00e7\u00f5es presidenciais, em 28 de julho de 2024. A oposi\u00e7\u00e3o alega ter vencido o pleito, e o resultado foi amplamente contestado por observadores internacionais.<\/p>\n\n\n\n<p>Rubio tamb\u00e9m faz refer\u00eancia \u00e0s elei\u00e7\u00f5es municipais que acontecem neste domingo.\u201d Ao agendar as elei\u00e7\u00f5es municipais na v\u00e9spera do anivers\u00e1rio da elei\u00e7\u00e3o presidencial roubada de 28 de julho, o regime mais uma vez pretende mobilizar militares e policiais para reprimir a vontade do povo venezuelano\u201d, afirma o secret\u00e1rio.<\/p>\n\n\n\n<p>Al\u00e9m de denunciar o resultado divulgado pelas autoridades eleitorais, aliadas a Maduro, nas elei\u00e7\u00f5es presidenciais do ano passado, o secret\u00e1rio tamb\u00e9m alega que Maduro \u00e9 l\u00edder do grupo Cartel de Los Soles, designado como terrorista pelos Estados Unidos esta semana.<\/p>\n\n\n\n<p>\u201cEle \u00e9 respons\u00e1vel pelo tr\u00e1fico de drogas para os Estados Unidos e Europa. Maduro, atualmente indiciado por nossa na\u00e7\u00e3o, corrompeu as institui\u00e7\u00f5es da Venezuela para auxiliar o esquema criminoso de narcotr\u00e1fico do cartel para os Estados Unidos\u201d, diz Rubio.<\/p>\n\n\n\n<p>Por fim, o comunicado refor\u00e7a que os Estados Unidos continuar\u00e3o os esfor\u00e7os para responsabilizar o \u201cregime corrupto, criminoso e ileg\u00edtimo de Maduro\u201d.<\/p>\n\n\n\n<p><sub>Por <strong>CNN Brasil<\/strong><\/sub><\/p>\n\n\n\n<p><\/p>\n","protected":false},"excerpt":{"rendered":"<p>O Departamento de Estados dos Estados Unidos afirmou em um comunicado neste domingo (27) que o ditador Nicol\u00e1s Maduro n\u00e3o \u00e9 o presidente da Venezuela e que seu regime n\u00e3o \u00e9 o governo leg\u00edtimo.&nbsp;O texto \u00e9 assinado pelo secret\u00e1rio de Estado, Marco Rubio. O comunicado marca o anivers\u00e1rio de um ano desde que Maduro foi&#8230;<\/p>\n","protected":false},"author":1,"featured_media":1726,"comment_status":"open","ping_status":"closed","sticky":false,"template":"","format":"standard","meta":{"footnotes":""},"categories":[2],"tags":[],"class_list":["post-1725","post","type-post","status-publish","format-standard","has-post-thumbnail","hentry","category-internacional"],"_links":{"self":[{"href":"https:\/\/cafecommessias.com.br\/index.php?rest_route=\/wp\/v2\/posts\/1725","targetHints":{"allow":["GET"]}}],"collection":[{"href":"https:\/\/cafecommessias.com.br\/index.php?rest_route=\/wp\/v2\/posts"}],"about":[{"href":"https:\/\/cafecommessias.com.br\/index.php?rest_route=\/wp\/v2\/types\/post"}],"author":[{"embeddable":true,"href":"https:\/\/cafecommessias.com.br\/index.php?rest_route=\/wp\/v2\/users\/1"}],"replies":[{"embeddable":true,"href":"https:\/\/cafecommessias.com.br\/index.php?rest_route=%2Fwp%2Fv2%2Fcomments&post=1725"}],"version-history":[{"count":1,"href":"https:\/\/cafecommessias.com.br\/index.php?rest_route=\/wp\/v2\/posts\/1725\/revisions"}],"predecessor-version":[{"id":1727,"href":"https:\/\/cafecommessias.com.br\/index.php?rest_route=\/wp\/v2\/posts\/1725\/revisions\/1727"}],"wp:featuredmedia":[{"embeddable":true,"href":"https:\/\/cafecommessias.com.br\/index.php?rest_route=\/wp\/v2\/media\/1726"}],"wp:attachment":[{"href":"https:\/\/cafecommessias.com.br\/index.php?rest_route=%2Fwp%2Fv2%2Fmedia&parent=1725"}],"wp:term":[{"taxonomy":"category","embeddable":true,"href":"https:\/\/cafecommessias.com.br\/index.php?rest_route=%2Fwp%2Fv2%2Fcategories&post=1725"},{"taxonomy":"post_tag","embeddable":true,"href":"https:\/\/cafecommessias.com.br\/index.php?rest_route=%2Fwp%2Fv2%2Ftags&post=1725"}],"curies":[{"name":"wp","href":"https:\/\/api.w.org\/{rel}","templated":true}]}}