{"id":1770,"date":"2025-07-28T10:23:56","date_gmt":"2025-07-28T13:23:56","guid":{"rendered":"https:\/\/cafecommessias.com.br\/?p=1770"},"modified":"2025-07-28T10:24:12","modified_gmt":"2025-07-28T13:24:12","slug":"inss-11-milhao-de-aposentados-serao-ressarcidos-ate-30-de-julho","status":"publish","type":"post","link":"https:\/\/cafecommessias.com.br\/?p=1770","title":{"rendered":"INSS: 1,1 milh\u00e3o de aposentados ser\u00e3o ressarcidos at\u00e9 30 de julho"},"content":{"rendered":"\n<p>Balan\u00e7o divulgado pelo\u00a0Instituto Nacional do Seguro Social (INSS) contabiliza que, na primeira semana de ressarcimento pelos descontos indevidos feitos por entidades associativas a aposentados e pensionistas, 533 mil benefici\u00e1rios j\u00e1 foram contemplados\u00a0com o dep\u00f3sito em suas contas banc\u00e1rias.<\/p>\n\n\n\n<p>\u201cE a gente j\u00e1 tem programado o pagamento, at\u00e9 dia 30 de julho, quarta-feira, de um total de 1,147 milh\u00e3o de aposentados e pensionistas que foram v\u00edtimas desse golpe\u201d, disse o presidente do Instituto Nacional do Seguro Social (INSS), Gilberto Waller, durante entrevista ao programa<em>&nbsp;A Voz do Brasil,&nbsp;<\/em>da&nbsp;Empresa Brasil de Comunica\u00e7\u00e3o (EBC).<\/p>\n\n\n\n<p>De acordo com o INSS, at\u00e9 o final da tarde de&nbsp;sexta-feira (25), foram contabilizadas 1,248 milh\u00e3o de ades\u00f5es, de um total de 2,295 milh\u00f5es pessoas aptas a fazer o acordo proposto pelo governo federal para antecipar o reembolso.<\/p>\n\n\n\n<p>\u201cNossa ideia \u00e9 que esses 2,295 milh\u00f5es de aposentados e pensionistas fa\u00e7am ades\u00e3o de maneira imediata para poder receber rapidamente esse valor\u201d, disse o presidente do instituto.<\/p>\n\n\n\n<h4 class=\"wp-block-heading\">N\u00famero pode subir<\/h4>\n\n\n\n<p>Este n\u00famero pode subir, segundo Gilberto Waller. \u201cAt\u00e9 sexta-feira, 4,8 milh\u00f5es de pessoas ainda n\u00e3o haviam reconhecido o desconto, para dar in\u00edcio ao processo com 15 dias \u00fateis previstos para a institui\u00e7\u00e3o [que fez a cobran\u00e7a supostamente indevida] responder\u201d, disse.<\/p>\n\n\n\n<p>A&nbsp;ades\u00e3o ao acordo pode ser feita at\u00e9 o dia 14 de novembro. Vale ressaltar que os&nbsp;reembolsos ser\u00e3o feitos na conta em que o benef\u00edcio \u00e9 pago, por ordem de ades\u00e3o.&nbsp;Ou seja, quem aderir primeiro, recebe primeiro.<\/p>\n\n\n\n<h4 class=\"wp-block-heading\">Comunica\u00e7\u00e3o<\/h4>\n\n\n\n<p>\u201cN\u00e3o queremos&nbsp;deixar nenhuma aposentado para tr\u00e1s. Por isso estamos aumentando a forma de comunica\u00e7\u00e3o por por v\u00e1rios meios: pelo aplicativo do meu INSS; por avisos nas institui\u00e7\u00f5es financeiras. O banco j\u00e1 avisa no seu extrato sobre a possibilidade de voc\u00ea pode aderir, a esse 1,1 milh\u00e3o que ainda que n\u00e3o aderiram\u201d, detalhou.<\/p>\n\n\n\n<p>Al\u00e9m disso, o&nbsp;governo federal usar\u00e1 tamb\u00e9m mensagens de WhatsApp. Ele, no entanto alerta que essas&nbsp;mensagens enviadas ao celular n\u00e3o ter\u00e3o link relativo \u00e0 contesta\u00e7\u00e3o.<\/p>\n\n\n\n<p>\u201cDir\u00e1 apenas que voc\u00ea est\u00e1 apto a fazer essa ades\u00e3o ao acordo para receber o dinheiro de maneira r\u00e1pida, integral e corrigida pelo IPCA\u201d, explicou, alertando que se o aposentado ou pensionista receber mensagem link deve ignor\u00e1-la, pois trata-se de golpe.&nbsp;<\/p>\n\n\n\n<p>\u201cA ades\u00e3o n\u00e3o ser\u00e1 pelo Whatsapp. Ser\u00e1 apenas pelo aplicativo do INSS ou em ag\u00eancias dos Correios\u201d, complementou.<\/p>\n\n\n\n<h4 class=\"wp-block-heading\">Correios<\/h4>\n\n\n\n<p>Segundo Waller, mais de 2 milh\u00f5es de pessoas j\u00e1 buscaram os Correios; e 1,3 milh\u00e3o dos que identificaram o desconto j\u00e1 apresentaram a contesta\u00e7\u00e3o, o que \u201crepresenta quase 30% do nosso p\u00fablico total de contesta\u00e7\u00f5es\u201d.<\/p>\n\n\n\n<p>Quem adere ao acordo se compromete a n\u00e3o entrar na Justi\u00e7a para solicitar o ressarcimento.<\/p>\n\n\n\n<p>\u201cCaso o benefici\u00e1rio j\u00e1 tenha uma a\u00e7\u00e3o ou n\u00e3o tenha recebido via judicial, ele ainda pode fazer a ades\u00e3o ao acordo. Se ingressou com a\u00e7\u00e3o antes de 23 de abril, ele faz o acordo e desiste da a\u00e7\u00e3o. O INSS vai, inclusive, pagar 5% de honor\u00e1rios advocacias para o seu advogado\u201d, acrescentou.<\/p>\n\n\n\n<h4 class=\"wp-block-heading\">Quem pode aderir?<\/h4>\n\n\n\n<p>Podem aderir ao acordo os aposentados e pensionistas que contestaram os descontos indevidos e n\u00e3o receberam resposta da entidade ou associa\u00e7\u00e3o ap\u00f3s 15 dias \u00fateis.<\/p>\n\n\n\n<p>A ades\u00e3o \u00e9 gratuita e, antes de assinar o acordo, os aposentados e pensionistas podem consultar o valor que t\u00eam a receber.<\/p>\n\n\n\n<h2 class=\"wp-block-heading has-text-align-center\">PUBLICIDADE<\/h2>\n\n\n\n<figure class=\"wp-block-image size-full\"><img loading=\"lazy\" decoding=\"async\" width=\"750\" height=\"200\" src=\"https:\/\/cafecommessias.com.br\/wp-content\/uploads\/2025\/07\/9008695748366243746-3.gif\" alt=\"\" class=\"wp-image-1759\"\/><\/figure>\n\n\n\n<p><strong>A ades\u00e3o \u00e9&nbsp;feita exclusivamente pelos seguintes canais:<\/strong><\/p>\n\n\n\n<ul class=\"wp-block-list\">\n<li><a href=\"https:\/\/meu.inss.gov.br\/\" target=\"_blank\" rel=\"noreferrer noopener\">Aplicativo ou site Meu INSS<\/a><\/li>\n\n\n\n<li><a href=\"https:\/\/agenciabrasil.ebc.com.br\/economia\/noticia\/2025-06\/aposentados-ja-podem-consultar-respostas-das-entidades-nos-correios\" target=\"_blank\" rel=\"noreferrer noopener\">Ag\u00eancias dos Correios\u00a0<\/a><\/li>\n<\/ul>\n\n\n\n<p>A&nbsp;<strong>central telef\u00f4nica 135 est\u00e1 dispon\u00edvel para consultas e contesta\u00e7\u00f5es,<\/strong>&nbsp;mas n\u00e3o realiza ades\u00e3o ao acordo.<\/p>\n\n\n\n<h4 class=\"wp-block-heading\">Como aceitar o acordo pelo aplicativo Meu INSS?<\/h4>\n\n\n\n<ol class=\"wp-block-list\">\n<li>Acesse o aplicativo Meu INSS com CPF e senha;<\/li>\n\n\n\n<li>V\u00e1 at\u00e9 \u201cConsultar Pedidos\u201d e clique em \u201cCumprir Exig\u00eancia\u201d em cada pedido (se houver mais de um);<\/li>\n\n\n\n<li>Role a tela at\u00e9 o \u00faltimo coment\u00e1rio, leia com aten\u00e7\u00e3o e, no campo \u201cAceito receber\u201d, selecione \u201cSim\u201d;<\/li>\n\n\n\n<li>Clique em \u201cEnviar\u201d e pronto. Depois, basta aguardar o pagamento<\/li>\n<\/ol>\n\n\n\n<h4 class=\"wp-block-heading\">Como funciona o processo at\u00e9 a ades\u00e3o ao acordo?<\/h4>\n\n\n\n<ol class=\"wp-block-list\">\n<li>O benefici\u00e1rio registra a contesta\u00e7\u00e3o do desconto indevido;<\/li>\n\n\n\n<li>Aguarda 15 dias \u00fateis para que a entidade responda;<\/li>\n\n\n\n<li>Se n\u00e3o houver resposta nesse prazo, o sistema abre a op\u00e7\u00e3o para ades\u00e3o ao acordo de ressarcimento.<\/li>\n<\/ol>\n\n\n\n<p>Ag\u00eancia Brasil<\/p>\n","protected":false},"excerpt":{"rendered":"<p>Balan\u00e7o divulgado pelo\u00a0Instituto Nacional do Seguro Social (INSS) contabiliza que, na primeira semana de ressarcimento pelos descontos indevidos feitos por entidades associativas a aposentados e pensionistas, 533 mil benefici\u00e1rios j\u00e1 foram contemplados\u00a0com o dep\u00f3sito em suas contas banc\u00e1rias. \u201cE a gente j\u00e1 tem programado o pagamento, at\u00e9 dia 30 de julho, quarta-feira, de um total&#8230;<\/p>\n","protected":false},"author":1,"featured_media":0,"comment_status":"open","ping_status":"open","sticky":false,"template":"","format":"standard","meta":{"footnotes":""},"categories":[4,3],"tags":[],"class_list":["post-1770","post","type-post","status-publish","format-standard","hentry","category-anuncie-aqui","category-geral"],"_links":{"self":[{"href":"https:\/\/cafecommessias.com.br\/index.php?rest_route=\/wp\/v2\/posts\/1770","targetHints":{"allow":["GET"]}}],"collection":[{"href":"https:\/\/cafecommessias.com.br\/index.php?rest_route=\/wp\/v2\/posts"}],"about":[{"href":"https:\/\/cafecommessias.com.br\/index.php?rest_route=\/wp\/v2\/types\/post"}],"author":[{"embeddable":true,"href":"https:\/\/cafecommessias.com.br\/index.php?rest_route=\/wp\/v2\/users\/1"}],"replies":[{"embeddable":true,"href":"https:\/\/cafecommessias.com.br\/index.php?rest_route=%2Fwp%2Fv2%2Fcomments&post=1770"}],"version-history":[{"count":1,"href":"https:\/\/cafecommessias.com.br\/index.php?rest_route=\/wp\/v2\/posts\/1770\/revisions"}],"predecessor-version":[{"id":1771,"href":"https:\/\/cafecommessias.com.br\/index.php?rest_route=\/wp\/v2\/posts\/1770\/revisions\/1771"}],"wp:attachment":[{"href":"https:\/\/cafecommessias.com.br\/index.php?rest_route=%2Fwp%2Fv2%2Fmedia&parent=1770"}],"wp:term":[{"taxonomy":"category","embeddable":true,"href":"https:\/\/cafecommessias.com.br\/index.php?rest_route=%2Fwp%2Fv2%2Fcategories&post=1770"},{"taxonomy":"post_tag","embeddable":true,"href":"https:\/\/cafecommessias.com.br\/index.php?rest_route=%2Fwp%2Fv2%2Ftags&post=1770"}],"curies":[{"name":"wp","href":"https:\/\/api.w.org\/{rel}","templated":true}]}}