{"id":1772,"date":"2025-07-28T10:26:23","date_gmt":"2025-07-28T13:26:23","guid":{"rendered":"https:\/\/cafecommessias.com.br\/?p=1772"},"modified":"2025-07-28T10:26:23","modified_gmt":"2025-07-28T13:26:23","slug":"prefeitura-de-natal-e-exercito-firmam-parceria-para-implantacao-do-parque-linear-na-roberto-freire","status":"publish","type":"post","link":"https:\/\/cafecommessias.com.br\/?p=1772","title":{"rendered":"Prefeitura de Natal e Ex\u00e9rcito firmam parceria para implanta\u00e7\u00e3o do Parque Linear na Roberto Freire"},"content":{"rendered":"\n<p>A Prefeitura do Natal e o Ex\u00e9rcito Brasileiro assinaram, na \u00faltima sexta-feira (25), o termo de concess\u00e3o que autoriza a utiliza\u00e7\u00e3o de uma \u00e1rea estrat\u00e9gica \u00e0s margens da avenida Engenheiro Roberto Freire para implanta\u00e7\u00e3o do Parque Linear de Natal. O ato oficial aconteceu no Pal\u00e1cio Felipe Camar\u00e3o e marcou a cess\u00e3o de um terreno de 10 hectares ao munic\u00edpio.<\/p>\n\n\n\n<p>O novo espa\u00e7o urbano, que ser\u00e1 voltado \u00e0 preserva\u00e7\u00e3o ambiental, lazer e educa\u00e7\u00e3o, ocupar\u00e1 um terreno oficialmente cedido pelo Ex\u00e9rcito Brasileiro. O projeto ser\u00e1 desenvolvido com a participa\u00e7\u00e3o da sociedade e do Conselho Gestor do Parque das Dunas.<\/p>\n\n\n\n<p>O prefeito Paulinho Freire comemorou o avan\u00e7o na pol\u00edtica urbana da capital potiguar. \u201c\u00c9 uma grande conquista para Natal. Neste espa\u00e7o, vamos aliar a preserva\u00e7\u00e3o ambiental e oferecer um ambiente de lazer e entretenimento para as fam\u00edlias da nossa cidade. Agrade\u00e7o imensamente ao Ex\u00e9rcito Brasileiro pela cess\u00e3o do terreno e ao senador Styvenson Valentim pelo apoio integral ao projeto\u201d, afirmou.<\/p>\n\n\n\n<p>O evento contou com a presen\u00e7a da vice-prefeita Joanna Guerra, de secret\u00e1rios municipais, do senador Styvenson Valentim e de representantes do Ex\u00e9rcito Brasileiro.<\/p>\n\n\n\n<p>O general de Brigada Alessandro da Silva explicou o envolvimento da institui\u00e7\u00e3o na cess\u00e3o da \u00e1rea: \u201cEstamos destinando o terreno para a constru\u00e7\u00e3o de um equipamento p\u00fablico voltado \u00e0 sociedade. Hoje, formalizamos essa a\u00e7\u00e3o com a certeza de que a Prefeitura desenvolver\u00e1 um excelente trabalho. Acreditamos que o parque impulsionar\u00e1 a qualidade de vida e o turismo da regi\u00e3o\u201d.<\/p>\n\n\n\n<p>J\u00e1 o senador Styvenson Valentim destacou os impactos positivos da iniciativa: \u201cComo parlamentar, \u00e9 uma satisfa\u00e7\u00e3o apoiar esta iniciativa. Tenho certeza de que esse parque vai mudar a concep\u00e7\u00e3o de turismo e lazer em nossa cidade. \u00c9 um projeto que valoriza o munic\u00edpio e apoia a preserva\u00e7\u00e3o ambiental\u201d.<\/p>\n\n\n\n<p>O secret\u00e1rio municipal de Meio Ambiente e Urbanismo, Thiago Mesquita, tamb\u00e9m refor\u00e7ou a import\u00e2ncia do projeto: \u201cEsse parque representa um avan\u00e7o na pol\u00edtica ambiental e urbana da cidade. Ser\u00e1 um espa\u00e7o de preserva\u00e7\u00e3o ecol\u00f3gica, mas tamb\u00e9m de lazer e desenvolvimento para a popula\u00e7\u00e3o. \u00c9 um ganho em todos os sentidos para o munic\u00edpio\u201d.<\/p>\n\n\n\n<p>A estrutura do Parque Linear de Natal dever\u00e1 incluir espa\u00e7os para educa\u00e7\u00e3o ambiental, pr\u00e1ticas esportivas, atividades de lazer e um jardim sensorial, promovendo qualidade de vida e sustentabilidade urbana.<\/p>\n\n\n\n<p><sub>por Reda\u00e7\u00e3o Tribuna do Norte<\/sub><\/p>\n\n\n\n<p><\/p>\n","protected":false},"excerpt":{"rendered":"<p>A Prefeitura do Natal e o Ex\u00e9rcito Brasileiro assinaram, na \u00faltima sexta-feira (25), o termo de concess\u00e3o que autoriza a utiliza\u00e7\u00e3o de uma \u00e1rea estrat\u00e9gica \u00e0s margens da avenida Engenheiro Roberto Freire para implanta\u00e7\u00e3o do Parque Linear de Natal. O ato oficial aconteceu no Pal\u00e1cio Felipe Camar\u00e3o e marcou a cess\u00e3o de um terreno de&#8230;<\/p>\n","protected":false},"author":1,"featured_media":1773,"comment_status":"open","ping_status":"open","sticky":false,"template":"","format":"standard","meta":{"footnotes":""},"categories":[3],"tags":[],"class_list":["post-1772","post","type-post","status-publish","format-standard","has-post-thumbnail","hentry","category-geral"],"_links":{"self":[{"href":"https:\/\/cafecommessias.com.br\/index.php?rest_route=\/wp\/v2\/posts\/1772","targetHints":{"allow":["GET"]}}],"collection":[{"href":"https:\/\/cafecommessias.com.br\/index.php?rest_route=\/wp\/v2\/posts"}],"about":[{"href":"https:\/\/cafecommessias.com.br\/index.php?rest_route=\/wp\/v2\/types\/post"}],"author":[{"embeddable":true,"href":"https:\/\/cafecommessias.com.br\/index.php?rest_route=\/wp\/v2\/users\/1"}],"replies":[{"embeddable":true,"href":"https:\/\/cafecommessias.com.br\/index.php?rest_route=%2Fwp%2Fv2%2Fcomments&post=1772"}],"version-history":[{"count":1,"href":"https:\/\/cafecommessias.com.br\/index.php?rest_route=\/wp\/v2\/posts\/1772\/revisions"}],"predecessor-version":[{"id":1774,"href":"https:\/\/cafecommessias.com.br\/index.php?rest_route=\/wp\/v2\/posts\/1772\/revisions\/1774"}],"wp:featuredmedia":[{"embeddable":true,"href":"https:\/\/cafecommessias.com.br\/index.php?rest_route=\/wp\/v2\/media\/1773"}],"wp:attachment":[{"href":"https:\/\/cafecommessias.com.br\/index.php?rest_route=%2Fwp%2Fv2%2Fmedia&parent=1772"}],"wp:term":[{"taxonomy":"category","embeddable":true,"href":"https:\/\/cafecommessias.com.br\/index.php?rest_route=%2Fwp%2Fv2%2Fcategories&post=1772"},{"taxonomy":"post_tag","embeddable":true,"href":"https:\/\/cafecommessias.com.br\/index.php?rest_route=%2Fwp%2Fv2%2Ftags&post=1772"}],"curies":[{"name":"wp","href":"https:\/\/api.w.org\/{rel}","templated":true}]}}