{"id":1775,"date":"2025-07-28T10:29:05","date_gmt":"2025-07-28T13:29:05","guid":{"rendered":"https:\/\/cafecommessias.com.br\/?p=1775"},"modified":"2025-07-28T10:29:05","modified_gmt":"2025-07-28T13:29:05","slug":"duas-mulheres-morrem-apos-carro-capotar-na-br-101-em-extremoz-motorista-fugiu-do-local","status":"publish","type":"post","link":"https:\/\/cafecommessias.com.br\/?p=1775","title":{"rendered":"Duas mulheres morrem ap\u00f3s carro capotar na BR-101 em Extremoz; motorista fugiu do local"},"content":{"rendered":"\n<p>Acidente ocorreu na madrugada deste domingo 27, pr\u00f3ximo ao trevo de Extremoz; uma terceira v\u00edtima ficou gravemente ferida<\/p>\n\n\n\n<p>Duas mulheres morreram e uma terceira pessoa ficou gravemente ferida ap\u00f3s um carro capotar na BR-101, em\u00a0Extremoz, na Regi\u00e3o Metropolitana de Natal, durante a madrugada deste domingo 27. O acidente aconteceu por volta das 2h30, nas proximidades do trevo da cidade. O condutor do ve\u00edculo fugiu do local e ainda n\u00e3o foi identificado, segundo informa\u00e7\u00f5es da Pol\u00edcia Rodovi\u00e1ria Federal (PRF).<\/p>\n\n\n\n<p>As circunst\u00e2ncias do acidente ainda s\u00e3o desconhecidas. N\u00e3o h\u00e1 confirma\u00e7\u00e3o sobre o que teria provocado o capotamento nem se o motorista apresentava sinais de embriaguez ou imprud\u00eancia.<\/p>\n\n\n\n<p>Al\u00e9m da PRF, tamb\u00e9m estiveram no local equipes do Corpo de Bombeiros Militar, Pol\u00edcia Civil e do Instituto T\u00e9cnico-Cient\u00edfico de Per\u00edcia do RN (ITEP), que realizou a remo\u00e7\u00e3o dos corpos e iniciou os procedimentos investigativos.<\/p>\n\n\n\n<p>As identidades das v\u00edtimas fatais n\u00e3o foram divulgadas at\u00e9 a \u00faltima atualiza\u00e7\u00e3o desta mat\u00e9ria. O caso ser\u00e1 investigado para apurar responsabilidades e localizar o motorista que abandonou o local.<\/p>\n\n\n\n<p><sub>por Agora RN<\/sub><\/p>\n\n\n\n<p><\/p>\n","protected":false},"excerpt":{"rendered":"<p>Acidente ocorreu na madrugada deste domingo 27, pr\u00f3ximo ao trevo de Extremoz; uma terceira v\u00edtima ficou gravemente ferida Duas mulheres morreram e uma terceira pessoa ficou gravemente ferida ap\u00f3s um carro capotar na BR-101, em\u00a0Extremoz, na Regi\u00e3o Metropolitana de Natal, durante a madrugada deste domingo 27. O acidente aconteceu por volta das 2h30, nas proximidades&#8230;<\/p>\n","protected":false},"author":1,"featured_media":1776,"comment_status":"open","ping_status":"open","sticky":false,"template":"","format":"standard","meta":{"footnotes":""},"categories":[9],"tags":[],"class_list":["post-1775","post","type-post","status-publish","format-standard","has-post-thumbnail","hentry","category-acidente"],"_links":{"self":[{"href":"https:\/\/cafecommessias.com.br\/index.php?rest_route=\/wp\/v2\/posts\/1775","targetHints":{"allow":["GET"]}}],"collection":[{"href":"https:\/\/cafecommessias.com.br\/index.php?rest_route=\/wp\/v2\/posts"}],"about":[{"href":"https:\/\/cafecommessias.com.br\/index.php?rest_route=\/wp\/v2\/types\/post"}],"author":[{"embeddable":true,"href":"https:\/\/cafecommessias.com.br\/index.php?rest_route=\/wp\/v2\/users\/1"}],"replies":[{"embeddable":true,"href":"https:\/\/cafecommessias.com.br\/index.php?rest_route=%2Fwp%2Fv2%2Fcomments&post=1775"}],"version-history":[{"count":1,"href":"https:\/\/cafecommessias.com.br\/index.php?rest_route=\/wp\/v2\/posts\/1775\/revisions"}],"predecessor-version":[{"id":1777,"href":"https:\/\/cafecommessias.com.br\/index.php?rest_route=\/wp\/v2\/posts\/1775\/revisions\/1777"}],"wp:featuredmedia":[{"embeddable":true,"href":"https:\/\/cafecommessias.com.br\/index.php?rest_route=\/wp\/v2\/media\/1776"}],"wp:attachment":[{"href":"https:\/\/cafecommessias.com.br\/index.php?rest_route=%2Fwp%2Fv2%2Fmedia&parent=1775"}],"wp:term":[{"taxonomy":"category","embeddable":true,"href":"https:\/\/cafecommessias.com.br\/index.php?rest_route=%2Fwp%2Fv2%2Fcategories&post=1775"},{"taxonomy":"post_tag","embeddable":true,"href":"https:\/\/cafecommessias.com.br\/index.php?rest_route=%2Fwp%2Fv2%2Ftags&post=1775"}],"curies":[{"name":"wp","href":"https:\/\/api.w.org\/{rel}","templated":true}]}}