{"id":1785,"date":"2025-07-28T12:09:29","date_gmt":"2025-07-28T15:09:29","guid":{"rendered":"https:\/\/cafecommessias.com.br\/?p=1785"},"modified":"2025-07-28T12:09:50","modified_gmt":"2025-07-28T15:09:50","slug":"servidores-do-detran-entram-em-greve-no-rio-grande-do-norte","status":"publish","type":"post","link":"https:\/\/cafecommessias.com.br\/?p=1785","title":{"rendered":"Servidores do Detran entram em greve no Rio Grande do Norte"},"content":{"rendered":"\n<p>Os servidores do Departamento Estadual de Tr\u00e2nsito (Detran) do Rio Grande do Norte entraram em greve nesta segunda-feira (28) e realizaram uma manifesta\u00e7\u00e3o em frente \u00e0 sede do governo do estado, em Natal.<\/p>\n\n\n\n<p>A dire\u00e7\u00e3o do \u00f3rg\u00e3o informou durante a manh\u00e3 que estava levantando os servi\u00e7os afetados pela paralisa\u00e7\u00e3o.<\/p>\n\n\n\n<p>Segundo o Sindicato dos Servidores da Administra\u00e7\u00e3o Indireta do Rio Grande do Norte (Sinai), a categoria reivindica aumento do aux\u00edlio-alimenta\u00e7\u00e3o, ado\u00e7\u00e3o de pisos salariais profissionais e atualiza\u00e7\u00e3o do plano de cargos e carreira.<\/p>\n\n\n\n<p>Os servidores tamb\u00e9m cobram autonomia administrativa e financeira da autarquia, o fim de terceiriza\u00e7\u00f5es e a implanta\u00e7\u00e3o de um programa de incentivo \u00e0 qualifica\u00e7\u00e3o.<\/p>\n\n\n\n<p>Ainda de acordo com o sindicato, os servidores consideram que as reivindica\u00e7\u00f5es podem ser atendidas porque a arrecada\u00e7\u00e3o do Detran tem registrado crescimento, enquanto a folha de pagamento representa 18% da receita do \u00f3rg\u00e3o.<\/p>\n\n\n\n<p>Negocia\u00e7\u00f5es<br>A greve foi decidida em uma assembleia realizada na \u00faltima ter\u00e7a-feira (22) em frente \u00e0 Governadoria, como \u201cresposta \u00e0 demora injustific\u00e1vel na apresenta\u00e7\u00e3o de propostas\u201d do governo \u00e0s pauta da categoria.<\/p>\n\n\n\n<p>Segundo o sindicato, ap\u00f3s a decis\u00e3o, uma reuni\u00e3o foi marcada para a pr\u00f3xima quarta-feira (30).<\/p>\n\n\n\n<p>\u201cOs dirigentes do Sinai lembram que em 2024 o Governo firmou acordo que previa a majora\u00e7\u00e3o do Aux\u00edlio Alimenta\u00e7\u00e3o, com discuss\u00e3o a partir de janeiro de 2025. Por\u00e9m, uma s\u00e9rie de protela\u00e7\u00f5es empurraram a categoria para uma greve\u201d, informou o sindicato.<\/p>\n\n\n\n<p><sub>Por G1RN<\/sub><\/p>\n\n\n\n<p><a href=\"https:\/\/www.blogdobg.com.br\/servidores-do-detran-entram-em-greve-no-rio-grande-do-norte\/#comentarios\"><\/a><\/p>\n\n\n\n<p><a href=\"tg:\/\/msg?text=https%3A%2F%2Fwww.blogdobg.com.br%2Fservidores-do-detran-entram-em-greve-no-rio-grande-do-norte%2F%20Servidores%20do%20Detran%20entram%20em%20greve%20no%20Rio%20Grande%20do%20Norte\"><\/a><\/p>\n","protected":false},"excerpt":{"rendered":"<p>Os servidores do Departamento Estadual de Tr\u00e2nsito (Detran) do Rio Grande do Norte entraram em greve nesta segunda-feira (28) e realizaram uma manifesta\u00e7\u00e3o em frente \u00e0 sede do governo do estado, em Natal. A dire\u00e7\u00e3o do \u00f3rg\u00e3o informou durante a manh\u00e3 que estava levantando os servi\u00e7os afetados pela paralisa\u00e7\u00e3o. Segundo o Sindicato dos Servidores da&#8230;<\/p>\n","protected":false},"author":1,"featured_media":1786,"comment_status":"open","ping_status":"closed","sticky":false,"template":"","format":"standard","meta":{"footnotes":""},"categories":[3],"tags":[],"class_list":["post-1785","post","type-post","status-publish","format-standard","has-post-thumbnail","hentry","category-geral"],"_links":{"self":[{"href":"https:\/\/cafecommessias.com.br\/index.php?rest_route=\/wp\/v2\/posts\/1785","targetHints":{"allow":["GET"]}}],"collection":[{"href":"https:\/\/cafecommessias.com.br\/index.php?rest_route=\/wp\/v2\/posts"}],"about":[{"href":"https:\/\/cafecommessias.com.br\/index.php?rest_route=\/wp\/v2\/types\/post"}],"author":[{"embeddable":true,"href":"https:\/\/cafecommessias.com.br\/index.php?rest_route=\/wp\/v2\/users\/1"}],"replies":[{"embeddable":true,"href":"https:\/\/cafecommessias.com.br\/index.php?rest_route=%2Fwp%2Fv2%2Fcomments&post=1785"}],"version-history":[{"count":1,"href":"https:\/\/cafecommessias.com.br\/index.php?rest_route=\/wp\/v2\/posts\/1785\/revisions"}],"predecessor-version":[{"id":1787,"href":"https:\/\/cafecommessias.com.br\/index.php?rest_route=\/wp\/v2\/posts\/1785\/revisions\/1787"}],"wp:featuredmedia":[{"embeddable":true,"href":"https:\/\/cafecommessias.com.br\/index.php?rest_route=\/wp\/v2\/media\/1786"}],"wp:attachment":[{"href":"https:\/\/cafecommessias.com.br\/index.php?rest_route=%2Fwp%2Fv2%2Fmedia&parent=1785"}],"wp:term":[{"taxonomy":"category","embeddable":true,"href":"https:\/\/cafecommessias.com.br\/index.php?rest_route=%2Fwp%2Fv2%2Fcategories&post=1785"},{"taxonomy":"post_tag","embeddable":true,"href":"https:\/\/cafecommessias.com.br\/index.php?rest_route=%2Fwp%2Fv2%2Ftags&post=1785"}],"curies":[{"name":"wp","href":"https:\/\/api.w.org\/{rel}","templated":true}]}}