{"id":1793,"date":"2025-07-28T12:20:10","date_gmt":"2025-07-28T15:20:10","guid":{"rendered":"https:\/\/cafecommessias.com.br\/?p=1793"},"modified":"2025-07-28T12:20:30","modified_gmt":"2025-07-28T15:20:30","slug":"quais-paises-ja-fecharam-acordos-tarifarios-com-trump","status":"publish","type":"post","link":"https:\/\/cafecommessias.com.br\/?p=1793","title":{"rendered":"Quais pa\u00edses j\u00e1 fecharam acordos tarif\u00e1rios com Trump?"},"content":{"rendered":"\n<p>Neste domingo, 27, o presidente dos Estados Unidos, Donald Trump, firmou um acordo com a Uni\u00e3o Europeia e passar\u00e1 a cobrar uma tarifa de 15% sobre as exporta\u00e7\u00f5es do bloco. O desfecho da negocia\u00e7\u00e3o ocorreu ap\u00f3s uma reuni\u00e3o com a presidente da Comiss\u00e3o Europeia, Ursula von der Leyen.<\/p>\n\n\n\n<p>O pacto sela a estrat\u00e9gia do governo americano de renegociar seus acordos de taxa\u00e7\u00e3o para tentar reduzir o d\u00e9ficit comercial dos EUA. E a sombra de tarifas gigantescas for\u00e7ou diferentes pa\u00edses a tentarem acordos mais leves \u2013 o Brasil, no entanto, deve encarar a taxa mais alta, de 50%.<\/p>\n\n\n\n<p>A menos de 5 dias para o in\u00edcio do tarifa\u00e7o, veja os pa\u00edses que j\u00e1 conseguiram negociar com os EUA.<\/p>\n\n\n\n<p><strong>Uni\u00e3o Europeia<\/strong><\/p>\n\n\n\n<p>A nova tarifa, de 15%, representa uma diminui\u00e7\u00e3o significativa em rela\u00e7\u00e3o aos 30% que estavam sendo praticados anteriormente. Segundo Trump, o acordo foi selado ap\u00f3s um an\u00fancio de que o bloco europeu concordou em gastar US$ 750 bilh\u00f5es do setor de energia e investir US$ 600 bilh\u00f5es nos Estados Unidos.<\/p>\n\n\n\n<p>O acordo ir\u00e1 \u201creequilibrar, e possibilitar o com\u00e9rcio para ambos os lados\u201d, disse Ursula von der Leyen.<\/p>\n\n\n\n<p><strong>Jap\u00e3o<\/strong><\/p>\n\n\n\n<p>Na ter\u00e7a-feira, 22, o presidente dos Estados Unidos comunicou um acordo com o Jap\u00e3o para reduzir a al\u00edquota tarif\u00e1ria de 25%, imposta no come\u00e7o de julho, para 15%. Em contrapartida, o pa\u00eds asi\u00e1tico se compromete a investir US$ 550 bilh\u00f5es nos EUA, al\u00e9m de abrir seu mercado a produtos agr\u00edcolas e automotivos americanos.<\/p>\n\n\n\n<p>O a\u00e7o e o alum\u00ednio japon\u00eas foram exclu\u00eddos do documento e permanecem com a tarifa anterior, de 25%. A divulga\u00e7\u00e3o ocorreu em publica\u00e7\u00e3o em sua rede, a Truth Social. Posteriormente, em evento na Casa Branca, Trump disse que o acordo com o Jap\u00e3o \u201cpode ser o maior da hist\u00f3ria\u201d e criar\u00e1 centenas de milhares de empregos.<\/p>\n\n\n\n<p><strong>Indon\u00e9sia<\/strong><\/p>\n\n\n\n<p>Tamb\u00e9m na ter\u00e7a-feira, a Casa Branca confirmou um acordo comercial com a Indon\u00e9sia que prev\u00ea a \u201celimina\u00e7\u00e3o de 99% das barreiras tarif\u00e1rias do pa\u00eds asi\u00e1tico para produtos americanos\u201d, enquanto os EUA v\u00e3o reduzir a tarifa de 32% para 19% para os produtos do pa\u00eds entrarem no mercado americano.<\/p>\n\n\n\n<p>A Indon\u00e9sia tamb\u00e9m se comprometeu a comprar cerca de US$ 15 bilh\u00f5es em produtos dos EUA nos pr\u00f3ximos dois anos e eliminar algumas barreiras t\u00e9cnicas e sanit\u00e1rias que limitavam a entrada de produtos americanos.<\/p>\n\n\n\n<p><strong>Filipinas<\/strong><\/p>\n\n\n\n<p>O acordo firmado entre os governo americano e as Filipinas determina que produtos oriundos do pa\u00eds do sudeste asi\u00e1tico sejam taxados em 19%, o que est\u00e1 abaixo da m\u00e9dia de 25% a 50% que foi imposta a pa\u00edses sem acordo. Por outro lado, produtos norte-americanos exportados \u00e0s Filipinas ter\u00e3o isen\u00e7\u00e3o total de tarifa e os dois pa\u00edses refor\u00e7aram um compromisso de coopera\u00e7\u00e3o militar.<\/p>\n\n\n\n<p><strong>Vietn\u00e3<\/strong><\/p>\n\n\n\n<p>O governo americano determinou uma tarifa de 20% sobre produtos vietnamitas importados, abaixo dos 46% anunciados anteriormente, e uma taxa de 40% aos produtos que passam pelo Vietn\u00e3, mas s\u00e3o origin\u00e1rios de outros pa\u00edses. Al\u00e9m disso, o Vietn\u00e3 conceder\u00e1 aos EUA acesso total aos seus mercados comerciais e n\u00e3o vai taxar exporta\u00e7\u00f5es de produtos americanos.<\/p>\n\n\n\n<p><strong>Reino Unido<\/strong><\/p>\n\n\n\n<p>O primeiro acordo tarif\u00e1rio do segundo mandato de Donald Trump foi com o Reino Unido. Anunciado em 8 de maio, ele determina uma taxa\u00e7\u00e3o base de 10% dos EUA sobre produtos brit\u00e2nicos e uma isen\u00e7\u00e3o total de tarifas para componentes e produtos aeroespaciais brit\u00e2nicos dentro da cota acordada. Em troca, a Gr\u00e3-Bretanha reduziu a tarifa m\u00e9dia sobre bens americanos de 5,1% para cerca de 1,8% e existir\u00e1 simplifica\u00e7\u00e3o aduaneira para as exporta\u00e7\u00f5es americanas.<\/p>\n\n\n\n<p><strong>Tr\u00e9gua com a China<\/strong><\/p>\n\n\n\n<p>Os Estados Unidos e a China firmaram uma tr\u00e9gua tarif\u00e1ria, que deve ser prorrogada por mais 90 dias. A tr\u00e9gua foi firmada depois que Trump anunciou o aumento das tarifas de produtos chineses para um m\u00ednimo de 145%, o que paralisou parte do com\u00e9rcio entre os pa\u00edses. A expectativa \u00e9 que os pa\u00edses voltem a se reunir na pr\u00f3xima semana.<\/p>\n\n\n\n<p>Durante a tr\u00e9gua, Washington imp\u00f4s uma tarifa-base contra os produtos chineses em 30%, no lugar dos 145%. J\u00e1 o pa\u00eds asi\u00e1tico colocou taxas de 10% sobre os produtos americanos at\u00e9 novo acordo ser fechado.<\/p>\n\n\n\n<p><strong>Acordos em negocia\u00e7\u00e3o<\/strong><\/p>\n\n\n\n<p>O presidente Donald Trump disse que a maioria dos acordos, \u201cse n\u00e3o todos\u201d, ser\u00e1 conclu\u00edda at\u00e9 agosto. Muitos pa\u00edses ainda n\u00e3o conseguiram chegar a um desfecho, mas v\u00e1rios deles est\u00e3o em negocia\u00e7\u00f5es com os EUA.<\/p>\n\n\n\n<p>No in\u00edcio de julho, a Bloomberg noticiou que os Estados Unidos est\u00e3o trabalhando em um acordo com a \u00cdndia que pode reduzir as tarifas propostas para menos de 20%. Em contrapartida, a \u00cdndia reduziria tarifas sobre produtos agr\u00edcolas oriundos dos EUA.<\/p>\n\n\n\n<p>O gabinete presidencial da Coreia do Sul disse que entregar\u00e1 um pacote comercial \u201cmutuamente aceit\u00e1vel\u201d na pr\u00f3xima semana. Segundo o an\u00fancio, a proposta incluir\u00e1 uma coopera\u00e7\u00e3o na constru\u00e7\u00e3o naval e uma tentativa na redu\u00e7\u00e3o das tarifas de 25% que o pa\u00eds enfrenta atualmente.<\/p>\n\n\n\n<p>Alinhada ideologicamente com os EUA, a Argentina ainda n\u00e3o formalizou um acordo, mas tenta reverter a imposi\u00e7\u00e3o de tarifas sobre importa\u00e7\u00e3o sider\u00fargica do pa\u00eds. Segundo o jornal Clarin, o governo argentino trabalha com a expectativa de ter tarifa zero sobre 80% do com\u00e9rcio bilateral.<\/p>\n\n\n\n<p>O ministro de com\u00e9rcio da Mal\u00e1sia, Anwar Ibrahim, afirmou que est\u00e1 em negocia\u00e7\u00f5es para reduzir as tarifas para abaixo de 20%. Atualmente, uma delega\u00e7\u00e3o comercial do Taiwan est\u00e1 em Washington para tentar um acordo tarif\u00e1rio. E o Bangladesh encomendou 25 avi\u00f5es da Boeing como um esfor\u00e7o para acalmar as tens\u00f5es comerciais e evitar um aumento de 35% nas tarifas.<\/p>\n\n\n\n<p><strong>E o Brasil?<\/strong><\/p>\n\n\n\n<p>Na quinta-feira, 24, o vice-presidente e ministro do Desenvolvimento, Geraldo Alckmin, revelou ter conversado com o secret\u00e1rio de Com\u00e9rcio dos Estados Unidos, Howard Lutnick. Escalado para liderar essas negocia\u00e7\u00f5es, Alckmin disse que uma das propostas passa por dobrar a rela\u00e7\u00e3o bilateral com os EUA nos pr\u00f3ximos cinco anos.<\/p>\n\n\n\n<p>Empres\u00e1rios est\u00e3o preocupados com a possibilidade do Brasil retaliar os Estados Unidos adotando sobretarifas aos produtos americanos. A expectativa do setor \u00e9 que as negocia\u00e7\u00f5es sejam feitas com cautela e que, \u00e0 princ\u00edpio, o governo consiga pelo menos um adiamento das tarifas para depois do 1\u00ba de agosto. Assim, teriam mais tempo para negocia\u00e7\u00f5es. Este cen\u00e1rio, no entanto, perdeu for\u00e7a neste domingo, quando Trump repetiu que n\u00e3o haveria novas negocia\u00e7\u00f5es com outros pa\u00edses at\u00e9 o in\u00edcio do pr\u00f3ximo m\u00eas.<\/p>\n\n\n\n<p><sub>Por Estad\u00e3o Conte\u00fado<\/sub><\/p>\n","protected":false},"excerpt":{"rendered":"<p>Neste domingo, 27, o presidente dos Estados Unidos, Donald Trump, firmou um acordo com a Uni\u00e3o Europeia e passar\u00e1 a cobrar uma tarifa de 15% sobre as exporta\u00e7\u00f5es do bloco. O desfecho da negocia\u00e7\u00e3o ocorreu ap\u00f3s uma reuni\u00e3o com a presidente da Comiss\u00e3o Europeia, Ursula von der Leyen. O pacto sela a estrat\u00e9gia do governo&#8230;<\/p>\n","protected":false},"author":1,"featured_media":1794,"comment_status":"closed","ping_status":"closed","sticky":false,"template":"","format":"standard","meta":{"footnotes":""},"categories":[2],"tags":[],"class_list":["post-1793","post","type-post","status-publish","format-standard","has-post-thumbnail","hentry","category-internacional"],"_links":{"self":[{"href":"https:\/\/cafecommessias.com.br\/index.php?rest_route=\/wp\/v2\/posts\/1793","targetHints":{"allow":["GET"]}}],"collection":[{"href":"https:\/\/cafecommessias.com.br\/index.php?rest_route=\/wp\/v2\/posts"}],"about":[{"href":"https:\/\/cafecommessias.com.br\/index.php?rest_route=\/wp\/v2\/types\/post"}],"author":[{"embeddable":true,"href":"https:\/\/cafecommessias.com.br\/index.php?rest_route=\/wp\/v2\/users\/1"}],"replies":[{"embeddable":true,"href":"https:\/\/cafecommessias.com.br\/index.php?rest_route=%2Fwp%2Fv2%2Fcomments&post=1793"}],"version-history":[{"count":1,"href":"https:\/\/cafecommessias.com.br\/index.php?rest_route=\/wp\/v2\/posts\/1793\/revisions"}],"predecessor-version":[{"id":1795,"href":"https:\/\/cafecommessias.com.br\/index.php?rest_route=\/wp\/v2\/posts\/1793\/revisions\/1795"}],"wp:featuredmedia":[{"embeddable":true,"href":"https:\/\/cafecommessias.com.br\/index.php?rest_route=\/wp\/v2\/media\/1794"}],"wp:attachment":[{"href":"https:\/\/cafecommessias.com.br\/index.php?rest_route=%2Fwp%2Fv2%2Fmedia&parent=1793"}],"wp:term":[{"taxonomy":"category","embeddable":true,"href":"https:\/\/cafecommessias.com.br\/index.php?rest_route=%2Fwp%2Fv2%2Fcategories&post=1793"},{"taxonomy":"post_tag","embeddable":true,"href":"https:\/\/cafecommessias.com.br\/index.php?rest_route=%2Fwp%2Fv2%2Ftags&post=1793"}],"curies":[{"name":"wp","href":"https:\/\/api.w.org\/{rel}","templated":true}]}}