{"id":1802,"date":"2025-07-28T22:11:48","date_gmt":"2025-07-29T01:11:48","guid":{"rendered":"https:\/\/cafecommessias.com.br\/?p=1802"},"modified":"2025-07-28T22:12:16","modified_gmt":"2025-07-29T01:12:16","slug":"apos-reuniao-e-acordo-com-fatima-bezerra-mst-desmobiliza-acampamento-na-governadoria","status":"publish","type":"post","link":"https:\/\/cafecommessias.com.br\/?p=1802","title":{"rendered":"Ap\u00f3s reuni\u00e3o e acordo com F\u00e1tima Bezerra, MST desmobiliza acampamento na Governadoria"},"content":{"rendered":"\n<p>Ap\u00f3s reuni\u00e3o e delibera\u00e7\u00f5es com o Governo do Rio Grande do Norte, integrantes do Movimento Sem Terra (MST) no Estado decidiram desmobilizar o acampamento nas imedia\u00e7\u00f5es da Governadoria do Centro Administrativo, em Natal. Os integrantes cobravam reuni\u00e3o com a governadora F\u00e1tima Bezerra (PT). Desde a semana passada, cerca de 800 fam\u00edlias ocupavam a Governadoria.<\/p>\n\n\n\n<p>A principal pauta do MST-RN era em rela\u00e7\u00e3o a viabiliza\u00e7\u00e3o do assentamento na regi\u00e3o do Baixo Assu, no Oeste do Estado. O Governo se comprometeu a publicar o edital para a regulariza\u00e7\u00e3o fundi\u00e1ria das 100 fam\u00edlias at\u00e9 o final de outubro deste ano. Al\u00e9m disso, outras pautas tamb\u00e9m foram deliberadas ao longo da reuni\u00e3o.<\/p>\n\n\n\n<p>Os integrantes do MST estavam na Governadoria desde a semana passada ap\u00f3s uma s\u00e9rie de mobiliza\u00e7\u00f5es que envolveu uma caminhada na BR-101 e ocupa\u00e7\u00e3o do Instituto Nacional da Reforma Agr\u00e1ria (INCRA) em Natal.<\/p>\n\n\n\n<p class=\"has-text-align-center\"><strong><em>PUBLICIDADE<\/em><\/strong><\/p>\n\n\n\n<figure class=\"wp-block-image size-full\"><img loading=\"lazy\" decoding=\"async\" width=\"364\" height=\"138\" src=\"https:\/\/cafecommessias.com.br\/wp-content\/uploads\/2025\/07\/download-21.jpg\" alt=\"\" class=\"wp-image-1803\" srcset=\"https:\/\/cafecommessias.com.br\/wp-content\/uploads\/2025\/07\/download-21.jpg 364w, https:\/\/cafecommessias.com.br\/wp-content\/uploads\/2025\/07\/download-21-300x114.jpg 300w\" sizes=\"auto, (max-width: 364px) 100vw, 364px\" \/><\/figure>\n\n\n\n<p><\/p>\n","protected":false},"excerpt":{"rendered":"<p>Ap\u00f3s reuni\u00e3o e delibera\u00e7\u00f5es com o Governo do Rio Grande do Norte, integrantes do Movimento Sem Terra (MST) no Estado decidiram desmobilizar o acampamento nas imedia\u00e7\u00f5es da Governadoria do Centro Administrativo, em Natal. Os integrantes cobravam reuni\u00e3o com a governadora F\u00e1tima Bezerra (PT). Desde a semana passada, cerca de 800 fam\u00edlias ocupavam a Governadoria. A&#8230;<\/p>\n","protected":false},"author":1,"featured_media":1804,"comment_status":"closed","ping_status":"closed","sticky":false,"template":"","format":"standard","meta":{"footnotes":""},"categories":[3],"tags":[],"class_list":["post-1802","post","type-post","status-publish","format-standard","has-post-thumbnail","hentry","category-geral"],"_links":{"self":[{"href":"https:\/\/cafecommessias.com.br\/index.php?rest_route=\/wp\/v2\/posts\/1802","targetHints":{"allow":["GET"]}}],"collection":[{"href":"https:\/\/cafecommessias.com.br\/index.php?rest_route=\/wp\/v2\/posts"}],"about":[{"href":"https:\/\/cafecommessias.com.br\/index.php?rest_route=\/wp\/v2\/types\/post"}],"author":[{"embeddable":true,"href":"https:\/\/cafecommessias.com.br\/index.php?rest_route=\/wp\/v2\/users\/1"}],"replies":[{"embeddable":true,"href":"https:\/\/cafecommessias.com.br\/index.php?rest_route=%2Fwp%2Fv2%2Fcomments&post=1802"}],"version-history":[{"count":1,"href":"https:\/\/cafecommessias.com.br\/index.php?rest_route=\/wp\/v2\/posts\/1802\/revisions"}],"predecessor-version":[{"id":1805,"href":"https:\/\/cafecommessias.com.br\/index.php?rest_route=\/wp\/v2\/posts\/1802\/revisions\/1805"}],"wp:featuredmedia":[{"embeddable":true,"href":"https:\/\/cafecommessias.com.br\/index.php?rest_route=\/wp\/v2\/media\/1804"}],"wp:attachment":[{"href":"https:\/\/cafecommessias.com.br\/index.php?rest_route=%2Fwp%2Fv2%2Fmedia&parent=1802"}],"wp:term":[{"taxonomy":"category","embeddable":true,"href":"https:\/\/cafecommessias.com.br\/index.php?rest_route=%2Fwp%2Fv2%2Fcategories&post=1802"},{"taxonomy":"post_tag","embeddable":true,"href":"https:\/\/cafecommessias.com.br\/index.php?rest_route=%2Fwp%2Fv2%2Ftags&post=1802"}],"curies":[{"name":"wp","href":"https:\/\/api.w.org\/{rel}","templated":true}]}}