{"id":1823,"date":"2025-07-29T11:02:12","date_gmt":"2025-07-29T14:02:12","guid":{"rendered":"https:\/\/cafecommessias.com.br\/?p=1823"},"modified":"2025-07-29T11:02:29","modified_gmt":"2025-07-29T14:02:29","slug":"veja-videoda-agressaoe-saiba-quem-e-o-ex-jogador-de-basquete-preso-por-agredir-namorada-com-60-socos","status":"publish","type":"post","link":"https:\/\/cafecommessias.com.br\/?p=1823","title":{"rendered":"VEJA V\u00cdDEO(da agress\u00e3o)E saiba quem \u00e9 o ex-jogador de basquete preso por agredir namorada com 60 socos"},"content":{"rendered":"\n<p>Homem, de 29 anos, foi preso em flagrante ap\u00f3s o crime, que aconteceu no s\u00e1bado (26), no elevador de um condom\u00ednio em Natal. O rosto da v\u00edtima ficou &#8221;completamente desfigurado&#8217;, segundo delegada.<\/p>\n\n\n\n<p>O natalense Igor Eduardo Pereira Cabral, de 29 anos, preso ap\u00f3s\u00a0agredir a namorada com mais de 60 socos dentro de um elevador, \u00e9 estudante, ex-jogador de basquete e pai, al\u00e9m de ter um hist\u00f3rico de briga. O caso ocorreu no fim de semana em um condom\u00ednio em Ponta Negra, na Zona Sul de\u00a0Natal.<\/p>\n\n\n\n<p>Igor teve a\u00a0pris\u00e3o preventiva determinada em audi\u00eancia de cust\u00f3dia e vai responder \u00e0 Justi\u00e7a pelo crime\u00a0<strong>de tentativa de feminic\u00eddio<\/strong>. C\u00e2meras de seguran\u00e7a do elevador registraram o ocorrido.<\/p>\n\n\n\n<figure class=\"wp-block-image size-full\"><img loading=\"lazy\" decoding=\"async\" width=\"984\" height=\"977\" src=\"https:\/\/cafecommessias.com.br\/wp-content\/uploads\/2025\/07\/jogador1.avif\" alt=\"\" class=\"wp-image-1826\" srcset=\"https:\/\/cafecommessias.com.br\/wp-content\/uploads\/2025\/07\/jogador1.avif 984w, https:\/\/cafecommessias.com.br\/wp-content\/uploads\/2025\/07\/jogador1-300x298.avif 300w, https:\/\/cafecommessias.com.br\/wp-content\/uploads\/2025\/07\/jogador1-150x150.avif 150w, https:\/\/cafecommessias.com.br\/wp-content\/uploads\/2025\/07\/jogador1-768x763.avif 768w\" sizes=\"auto, (max-width: 984px) 100vw, 984px\" \/><figcaption class=\"wp-element-caption\"><sub>Igor Cabral, de 29 anos, jogou basquete \u2014 Foto: Reprodu\u00e7\u00e3o\/Redes sociais<\/sub><\/figcaption><\/figure>\n\n\n\n<p>O caso aconteceu no \u00faltimo s\u00e1bado (26), por voltas das 16h e o homem foi preso em flagrante. A mulher de 35 anos sofreu m\u00faltiplas fraturas no rosto e no maxilar.<\/p>\n\n\n\n<p>O caso aconteceu no \u00faltimo s\u00e1bado (26), por voltas das 16h e o homem foi preso em flagrante. A mulher de 35 anos sofreu m\u00faltiplas fraturas no rosto e no maxilar.<\/p>\n\n\n\n<p>O nome de Igor consta nos registros da Liga Nacional de Basquete. Em 2014, ele jogava em um time de basquete 3&#215;3 no Rio de Janeiro que ganhou um torneio sub-18 e representou o Brasil nos Jogos Ol\u00edmpicos da Juventude em Nanjing, na China.<\/p>\n\n\n\n<p>Igor foi federado e jogou por clubes do Rio de Janeiro e no Rio Grande do Norte, mas nunca foi convocado pela Sele\u00e7\u00e3o Brasileira em uma competi\u00e7\u00e3o oficial, nem fez parte de qualquer projeto da Sele\u00e7\u00e3o Brasileira, segundo a Confedera\u00e7\u00e3o Brasileira de Basquete.<\/p>\n\n\n\n<p>Nas redes sociais, \u00e9 poss\u00edvel encontrar registros de participa\u00e7\u00e3o dele em competi\u00e7\u00f5es amadoras.<\/p>\n\n\n\n<p>Em depoimento na delegacia, ap\u00f3s o crime, Igor alegou que tem s\u00edndrome do espectro autista e claustrofobia. Questionado pela pol\u00edcia, ele disse que nunca foi preso ou processado anteriormente. Ele \u00e9 estudante do curso de ci\u00eancias cont\u00e1beis.<\/p>\n\n\n\n<p>A pol\u00edcia encontrou boletins de ocorr\u00eancia em que o nome de Igor Cabral est\u00e1 envolvido em brigas com outras pessoas. Em um dos casos, houve troca de agress\u00f5es f\u00edsicas dele com amigos dentro de uma casa em Caic\u00f3, na regi\u00e3o Serid\u00f3 potiguar.<\/p>\n\n\n\n<figure class=\"wp-block-image size-full\"><img loading=\"lazy\" decoding=\"async\" width=\"984\" height=\"465\" src=\"https:\/\/cafecommessias.com.br\/wp-content\/uploads\/2025\/07\/jogador.avif\" alt=\"\" class=\"wp-image-1827\" srcset=\"https:\/\/cafecommessias.com.br\/wp-content\/uploads\/2025\/07\/jogador.avif 984w, https:\/\/cafecommessias.com.br\/wp-content\/uploads\/2025\/07\/jogador-300x142.avif 300w, https:\/\/cafecommessias.com.br\/wp-content\/uploads\/2025\/07\/jogador-768x363.avif 768w\" sizes=\"auto, (max-width: 984px) 100vw, 984px\" \/><figcaption class=\"wp-element-caption\"><sub>Igor Eduardo Cabral, tem 29 anos, e foi filmado agredindo a namorada em Natal \u2014 Foto: Reprodu\u00e7\u00e3o\/Redes sociais<\/sub><\/figcaption><\/figure>\n\n\n\n<h4 class=\"wp-block-heading\">Viol\u00eancia<\/h4>\n\n\n\n<p>Segundo a delegada Victoria Lisboa, da Delegacia da Mulher em Natal, a v\u00edtima nunca havia registrado qualquer boletim de ocorr\u00eancia ou pedido medida protetiva contra o namorado.<\/p>\n\n\n\n<p>A delegada informou que o rosto da v\u00edtima ficou bastante machucado. &#8220;Ao manter contato com a v\u00edtima, creio eu, a delegada do plant\u00e3o entendeu por tentativa de feminic\u00eddio, uma vez que ela estava muito lesionada, o rosto completamente desfigurado&#8221;, completou.<\/p>\n\n\n\n<p>&#8220;Ele justificou essa situa\u00e7\u00e3o de claustrofobia, porque ele estava, querendo ou n\u00e3o, no elevador. Mas, assim, ao meu ver, isso n\u00e3o n\u00e3o \u00e9 nenhuma justificativa para o que foi feito&#8221;, disse a delegada.<\/p>\n\n\n\n<p>A delegada Vict\u00f3ria disse nesta segunda-feira (28) que aguardava a recupera\u00e7\u00e3o da v\u00edtima para colher o depoimento dela e tamb\u00e9m &#8220;sobre poss\u00edveis agress\u00f5es pret\u00e9ritas&#8221;.<\/p>\n\n\n\n<h4 class=\"wp-block-heading\"><sub>V\u00eddeo mostra crime<\/sub><\/h4>\n\n\n\n<p>A c\u00e2mera de seguran\u00e7a registrou o casal discutindo e, quando a porta do elevador fechou, o homem partiu pra cima da v\u00edtima, desferindo socos contra ela.<\/p>\n\n\n\n<figure class=\"wp-block-video\"><video height=\"720\" style=\"aspect-ratio: 1280 \/ 720;\" width=\"1280\" controls src=\"https:\/\/cafecommessias.com.br\/wp-content\/uploads\/2025\/07\/My-Video.webm\" playsinline><\/video><\/figure>\n\n\n\n<p><strong>\u00c9 poss\u00edvel perceber que ele d\u00e1 pelo menos 60 socos.<\/strong>&nbsp;A mulher ficou com o rosto completamente ensanguentado.<\/p>\n\n\n\n<p>De acordo com uma amiga da v\u00edtima &#8211; que pediu para n\u00e3o ser identificada, o seguran\u00e7a do condom\u00ednio que via as imagens da agress\u00e3o pela c\u00e2mera do elevador acionou a Pol\u00edcia Militar. Quando o elevador chegou no t\u00e9rreo o agressor foi contido pelos moradores e preso em seguida.<\/p>\n\n\n\n<p>A v\u00edtima foi levada para o Hospital Walfredo Gurgel onde foi constatado que&nbsp;<strong>ela teve m\u00faltiplas fraturas no rosto e no maxilar. Ela vai ser submetida a uma cirurgia ainda esta semana.<\/strong><\/p>\n\n\n\n<p>Ainda de acordo com a amiga da v\u00edtima, a discuss\u00e3o come\u00e7ou porque o homem teve uma crise de ci\u00fames.<\/p>\n\n\n\n<p><sub>Por g1 RN e Inter TV Cabugi<\/sub><\/p>\n","protected":false},"excerpt":{"rendered":"<p>Homem, de 29 anos, foi preso em flagrante ap\u00f3s o crime, que aconteceu no s\u00e1bado (26), no elevador de um condom\u00ednio em Natal. O rosto da v\u00edtima ficou &#8221;completamente desfigurado&#8217;, segundo delegada. O natalense Igor Eduardo Pereira Cabral, de 29 anos, preso ap\u00f3s\u00a0agredir a namorada com mais de 60 socos dentro de um elevador, \u00e9&#8230;<\/p>\n","protected":false},"author":1,"featured_media":1825,"comment_status":"open","ping_status":"open","sticky":false,"template":"","format":"standard","meta":{"footnotes":""},"categories":[27],"tags":[],"class_list":["post-1823","post","type-post","status-publish","format-standard","has-post-thumbnail","hentry","category-violencia"],"_links":{"self":[{"href":"https:\/\/cafecommessias.com.br\/index.php?rest_route=\/wp\/v2\/posts\/1823","targetHints":{"allow":["GET"]}}],"collection":[{"href":"https:\/\/cafecommessias.com.br\/index.php?rest_route=\/wp\/v2\/posts"}],"about":[{"href":"https:\/\/cafecommessias.com.br\/index.php?rest_route=\/wp\/v2\/types\/post"}],"author":[{"embeddable":true,"href":"https:\/\/cafecommessias.com.br\/index.php?rest_route=\/wp\/v2\/users\/1"}],"replies":[{"embeddable":true,"href":"https:\/\/cafecommessias.com.br\/index.php?rest_route=%2Fwp%2Fv2%2Fcomments&post=1823"}],"version-history":[{"count":1,"href":"https:\/\/cafecommessias.com.br\/index.php?rest_route=\/wp\/v2\/posts\/1823\/revisions"}],"predecessor-version":[{"id":1828,"href":"https:\/\/cafecommessias.com.br\/index.php?rest_route=\/wp\/v2\/posts\/1823\/revisions\/1828"}],"wp:featuredmedia":[{"embeddable":true,"href":"https:\/\/cafecommessias.com.br\/index.php?rest_route=\/wp\/v2\/media\/1825"}],"wp:attachment":[{"href":"https:\/\/cafecommessias.com.br\/index.php?rest_route=%2Fwp%2Fv2%2Fmedia&parent=1823"}],"wp:term":[{"taxonomy":"category","embeddable":true,"href":"https:\/\/cafecommessias.com.br\/index.php?rest_route=%2Fwp%2Fv2%2Fcategories&post=1823"},{"taxonomy":"post_tag","embeddable":true,"href":"https:\/\/cafecommessias.com.br\/index.php?rest_route=%2Fwp%2Fv2%2Ftags&post=1823"}],"curies":[{"name":"wp","href":"https:\/\/api.w.org\/{rel}","templated":true}]}}