{"id":1873,"date":"2025-07-29T14:11:09","date_gmt":"2025-07-29T17:11:09","guid":{"rendered":"https:\/\/cafecommessias.com.br\/?p=1873"},"modified":"2025-07-29T14:11:09","modified_gmt":"2025-07-29T17:11:09","slug":"quer-que-eu-va-para-cadeia-amanha-diz-bolsonaro-ao-evitar-entrevistas","status":"publish","type":"post","link":"https:\/\/cafecommessias.com.br\/?p=1873","title":{"rendered":"\u2018Quer que eu v\u00e1 para cadeia amanh\u00e3?\u2019, diz Bolsonaro ao evitar entrevistas"},"content":{"rendered":"\n<p>Com medida cautelares determinadas pelo Supremo Tribunal Federal (STF), o ex-presidente Jair Bolsonaro evitou responder perguntas quando foi abordado pela imprensa na segunda-feira (28). Uma semana ap\u00f3s ter criticado a Corte ao sair de uma reuni\u00e3o na C\u00e2mara e ter sido cobrado a dar explica\u00e7\u00f5es pelo ministro do Supremo Alexandre de Moraes, o ex-presidente tem adotado nos \u00faltimos dias uma postura cautelosa em rela\u00e7\u00e3o a declara\u00e7\u00f5es p\u00fablicas.<\/p>\n\n\n\n<p>\u201cQuer que eu v\u00e1 para cadeia amanh\u00e3? Se o editor de voc\u00eas conseguir autoriza\u00e7\u00e3o do Supremo para eu poder falar, falo com o maior prazer com voc\u00eas\u201d, disse ap\u00f3s sair da sede do PL.<\/p>\n\n\n\n<p><br>Bolsonaro est\u00e1 est\u00e1 proibido de usar as redes sociais e sair de casa entre 19h e 6h, por suspeita de participar de uma articula\u00e7\u00e3o junto aos Estados Unidos para pressionar o Judici\u00e1rio e o governo brasileiro em troca de perd\u00e3o na trama golpista.<\/p>\n\n\n\n<p>A decis\u00e3o do STF n\u00e3o o pro\u00edbe de dar entrevistas, mas veda que ele use terceiros para poder se manifestar nas redes sociais.<\/p>\n\n\n\n<p><br>O ex-presidente disse que vai participar amanh\u00e3 de um evento promovido em Bras\u00edlia para reunir motociclistas. Ele, no entanto, afirmou que n\u00e3o estar\u00e1 na motociata que faz parte das programa\u00e7\u00f5es do evento.<\/p>\n\n\n\n<p><br>\u201cEu vou participar do evento, sou motociclista, mas n\u00e3o vou participar de motociata, n\u00e3o\u201d, disse.<\/p>\n\n\n\n<p><br>Segundo a organiza\u00e7\u00e3o do Capital Moto Week, o evento n\u00e3o \u00e9 organizado pelo festival, mas, sim, de um ato externo independente. O passeio motocicl\u00edstico do evento, que integra o calend\u00e1rio oficial do Capital Moto Week, ser\u00e1 realizado no s\u00e1bado (2\/8) e encerra a programa\u00e7\u00e3o oficial.<\/p>\n\n\n\n<p><sub>por Tribuna do Norte<\/sub><\/p>\n","protected":false},"excerpt":{"rendered":"<p>Com medida cautelares determinadas pelo Supremo Tribunal Federal (STF), o ex-presidente Jair Bolsonaro evitou responder perguntas quando foi abordado pela imprensa na segunda-feira (28). Uma semana ap\u00f3s ter criticado a Corte ao sair de uma reuni\u00e3o na C\u00e2mara e ter sido cobrado a dar explica\u00e7\u00f5es pelo ministro do Supremo Alexandre de Moraes, o ex-presidente tem&#8230;<\/p>\n","protected":false},"author":1,"featured_media":1874,"comment_status":"open","ping_status":"open","sticky":false,"template":"","format":"standard","meta":{"footnotes":""},"categories":[6],"tags":[],"class_list":["post-1873","post","type-post","status-publish","format-standard","has-post-thumbnail","hentry","category-politica"],"_links":{"self":[{"href":"https:\/\/cafecommessias.com.br\/index.php?rest_route=\/wp\/v2\/posts\/1873","targetHints":{"allow":["GET"]}}],"collection":[{"href":"https:\/\/cafecommessias.com.br\/index.php?rest_route=\/wp\/v2\/posts"}],"about":[{"href":"https:\/\/cafecommessias.com.br\/index.php?rest_route=\/wp\/v2\/types\/post"}],"author":[{"embeddable":true,"href":"https:\/\/cafecommessias.com.br\/index.php?rest_route=\/wp\/v2\/users\/1"}],"replies":[{"embeddable":true,"href":"https:\/\/cafecommessias.com.br\/index.php?rest_route=%2Fwp%2Fv2%2Fcomments&post=1873"}],"version-history":[{"count":1,"href":"https:\/\/cafecommessias.com.br\/index.php?rest_route=\/wp\/v2\/posts\/1873\/revisions"}],"predecessor-version":[{"id":1875,"href":"https:\/\/cafecommessias.com.br\/index.php?rest_route=\/wp\/v2\/posts\/1873\/revisions\/1875"}],"wp:featuredmedia":[{"embeddable":true,"href":"https:\/\/cafecommessias.com.br\/index.php?rest_route=\/wp\/v2\/media\/1874"}],"wp:attachment":[{"href":"https:\/\/cafecommessias.com.br\/index.php?rest_route=%2Fwp%2Fv2%2Fmedia&parent=1873"}],"wp:term":[{"taxonomy":"category","embeddable":true,"href":"https:\/\/cafecommessias.com.br\/index.php?rest_route=%2Fwp%2Fv2%2Fcategories&post=1873"},{"taxonomy":"post_tag","embeddable":true,"href":"https:\/\/cafecommessias.com.br\/index.php?rest_route=%2Fwp%2Fv2%2Ftags&post=1873"}],"curies":[{"name":"wp","href":"https:\/\/api.w.org\/{rel}","templated":true}]}}