{"id":1879,"date":"2025-07-30T23:03:28","date_gmt":"2025-07-31T02:03:28","guid":{"rendered":"https:\/\/cafecommessias.com.br\/?p=1879"},"modified":"2025-07-30T23:03:53","modified_gmt":"2025-07-31T02:03:53","slug":"ex-assessor-de-moraes-sai-do-brasil-ameaca-fazer-revelacoes-e-defende-eduardo","status":"publish","type":"post","link":"https:\/\/cafecommessias.com.br\/?p=1879","title":{"rendered":"Ex-assessor de Moraes sai do Brasil, amea\u00e7a fazer revela\u00e7\u00f5es e defende Eduardo"},"content":{"rendered":"\n<p>O ex-assessor do ministro Alexandre de Moraes no Tribunal Superior Eleitoral (TSE) Eduardo Tagliaferro revelou, nesta quarta-feira, 30, em conversa por videochamada com blogueiros bolsonaristas, que est\u00e1 fora do Brasil. Al\u00e9m disso, atacou o ministro, disse que pretende fazer revela\u00e7\u00f5es sobre o magistrado e defendeu a atua\u00e7\u00e3o do deputado federal Eduardo Bolsonaro (PL-SP) nos Estados Unidos.<\/p>\n\n\n\n<p>\u201cSou um dos perseguidos tamb\u00e9m. Estou junto no inqu\u00e9rito com todos voc\u00eas. Ainda n\u00e3o fui denunciado, mas provavelmente a partir de hoje eu serei denunciado, e o azar \u00e9 s\u00f3 deles, que quanto mais eles fazem, mais eu fa\u00e7o\u201d, afirmou.<\/p>\n\n\n\n<p>Segundo Tagliaferro, a forma de Moraes agir \u00e9 \u201camedrontando, assustando e calando as pessoas\u201d. \u201cE a mim ele n\u00e3o vai calar\u201d.<\/p>\n\n\n\n<p>O ex-assessor falou ainda que, no dia a dia, o ministro \u00e9 uma pessoa \u201cnarcisista, autorit\u00e1ria, que se n\u00e3o for feito do modo que ele quer, ele ataca, ele agride, agride com palavras, humilha\u201d. \u201cFez isso com muitos servidores meus\u201d.<\/p>\n\n\n\n<p>\u201cEle pode at\u00e9 me atacar, ele pode at\u00e9 vir para cima, mas contra fatos, contra provas, n\u00e3o tem argumentos. As provas est\u00e3o comigo, sim, eu sempre guardei\u201d, declarou.<\/p>\n\n\n\n<p>Tagliaferro n\u00e3o revelou o local exato onde est\u00e1 atualmente, mas disse que pretende ir aos Estados Unidos. Sobre a atua\u00e7\u00e3o de Eduardo no pa\u00eds, falou ver como \u201cuma luta para tentar n\u00e3o s\u00f3 salvar o pai dele [Jair]\u201d. \u201cN\u00e3o vejo dessa forma, n\u00e3o. Eu vejo como uma luta para tentar salvar o pa\u00eds, para tirar essa tirania, para tirar esse dom\u00ednio que a esquerda tem sobre o pa\u00eds e quer deixar o pessoal debaixo do tapete dela, quer dominar o pa\u00eds\u201d.<\/p>\n\n\n\n<p>Ele prosseguiu: \u201cEnt\u00e3o, o trabalho que o Eduardo Bolsonaro est\u00e1 fazendo merece os parab\u00e9ns, meus parab\u00e9ns a ele\u201d.<\/p>\n\n\n\n<p>Indiciado pela PF<\/p>\n\n\n\n<p>Em abril, a Pol\u00edcia Federal (PF) indiciou Tagliaferro por viola\u00e7\u00e3o de sigilo funcional com dano \u00e0 administra\u00e7\u00e3o p\u00fablica, no esc\u00e2ndalo batizado de Vaza Toga.<\/p>\n\n\n\n<p>Segundo o \u00f3rg\u00e3o, Tagliaferro ocupava cargo de confian\u00e7a na Assessoria Especial de Enfrentamento \u00e0 Desinforma\u00e7\u00e3o no TSE e \u201cpraticou, de forma consciente e volunt\u00e1ria\u201d o alegado crime.<\/p>\n\n\n\n<p>\u201cPor todas as raz\u00f5es delineadas, com amparo nas informa\u00e7\u00f5es trazidas as autos, com extensa realiza\u00e7\u00e3o de oitivas e amparo na quebra de sigilo telem\u00e1tica deferida, constata-se a materialidade\u201d, diz trecho da PF.<\/p>\n\n\n\n<p>No documento, a PF afirma que o ex-assessor revelou \u00e0 pr\u00f3pria esposa que repassou informa\u00e7\u00f5es ao jornal Folha de S.Paulo.<\/p>\n\n\n\n<p>\u201cO di\u00e1logo deixou evidente que Eduardo divulgou ao jornalista informa\u00e7\u00f5es que foram obtidas enquanto ele laborada na Assessoria Especial de Enfrentamento \u00e0 Desinforma\u00e7\u00e3o do TSE. Estas informa\u00e7\u00f5es deveriam ser mantidas em sigilo\u201d, destaca.<\/p>\n\n\n\n<p><sub>Por O Antagonista\u00a0<\/sub><\/p>\n\n\n\n<p><\/p>\n","protected":false},"excerpt":{"rendered":"<p>O ex-assessor do ministro Alexandre de Moraes no Tribunal Superior Eleitoral (TSE) Eduardo Tagliaferro revelou, nesta quarta-feira, 30, em conversa por videochamada com blogueiros bolsonaristas, que est\u00e1 fora do Brasil. Al\u00e9m disso, atacou o ministro, disse que pretende fazer revela\u00e7\u00f5es sobre o magistrado e defendeu a atua\u00e7\u00e3o do deputado federal Eduardo Bolsonaro (PL-SP) nos Estados&#8230;<\/p>\n","protected":false},"author":1,"featured_media":1880,"comment_status":"open","ping_status":"closed","sticky":false,"template":"","format":"standard","meta":{"footnotes":""},"categories":[3],"tags":[],"class_list":["post-1879","post","type-post","status-publish","format-standard","has-post-thumbnail","hentry","category-geral"],"_links":{"self":[{"href":"https:\/\/cafecommessias.com.br\/index.php?rest_route=\/wp\/v2\/posts\/1879","targetHints":{"allow":["GET"]}}],"collection":[{"href":"https:\/\/cafecommessias.com.br\/index.php?rest_route=\/wp\/v2\/posts"}],"about":[{"href":"https:\/\/cafecommessias.com.br\/index.php?rest_route=\/wp\/v2\/types\/post"}],"author":[{"embeddable":true,"href":"https:\/\/cafecommessias.com.br\/index.php?rest_route=\/wp\/v2\/users\/1"}],"replies":[{"embeddable":true,"href":"https:\/\/cafecommessias.com.br\/index.php?rest_route=%2Fwp%2Fv2%2Fcomments&post=1879"}],"version-history":[{"count":1,"href":"https:\/\/cafecommessias.com.br\/index.php?rest_route=\/wp\/v2\/posts\/1879\/revisions"}],"predecessor-version":[{"id":1881,"href":"https:\/\/cafecommessias.com.br\/index.php?rest_route=\/wp\/v2\/posts\/1879\/revisions\/1881"}],"wp:featuredmedia":[{"embeddable":true,"href":"https:\/\/cafecommessias.com.br\/index.php?rest_route=\/wp\/v2\/media\/1880"}],"wp:attachment":[{"href":"https:\/\/cafecommessias.com.br\/index.php?rest_route=%2Fwp%2Fv2%2Fmedia&parent=1879"}],"wp:term":[{"taxonomy":"category","embeddable":true,"href":"https:\/\/cafecommessias.com.br\/index.php?rest_route=%2Fwp%2Fv2%2Fcategories&post=1879"},{"taxonomy":"post_tag","embeddable":true,"href":"https:\/\/cafecommessias.com.br\/index.php?rest_route=%2Fwp%2Fv2%2Ftags&post=1879"}],"curies":[{"name":"wp","href":"https:\/\/api.w.org\/{rel}","templated":true}]}}