{"id":1947,"date":"2025-06-30T17:33:57","date_gmt":"2025-06-30T20:33:57","guid":{"rendered":"https:\/\/cafecommessias.com.br\/?p=1947"},"modified":"2025-08-01T13:34:30","modified_gmt":"2025-08-01T16:34:30","slug":"2o-encontro-estadual-plj-rn","status":"publish","type":"post","link":"https:\/\/cafecommessias.com.br\/?p=1947","title":{"rendered":"O Rota 22 chegou na regi\u00e3o Potengi."},"content":{"rendered":"\n<p>Na tarde desta segunda-feira (30), na C\u00e2mara Municipal de S\u00e3o Paulo do Potengi, ocorreram os debates da oficina do projeto realizado em parceria com o Instituto \u00c1lvaro Valle e sob a lideran\u00e7a do ex-presidente Jair Bolsonaro e do senador Rog\u00e9rio Marinho. O Rota 22 promove oficinas e semin\u00e1rios com o objetivo de identificar demandas locais e fortalecer o compromisso do partido com a melhoria da qualidade de vida da popula\u00e7\u00e3o. Nesta ter\u00e7a-feira (1\u00ba) o Rota 22 chega a Tangar\u00e1, na regi\u00e3o Trair\u00ed.<\/p>\n\n\n\n<p>Para Pacelli Souto, prefeito de S\u00e3o Paulo do Potengi, o Potengi tem que estar mais unido para buscar investimentos para a regi\u00e3o e que pulsa pelo empreendedorismo. Dafne, produtora rural de Bom Jesus, reclamou da aus\u00eancia de m\u00e3o de obra e da necessidade de qualifica\u00e7\u00e3o do produtor rural. &#8220;A situa\u00e7\u00e3o de interior \u00e9 vergonhosa e absurda&#8221;, disse Dafne.<\/p>\n\n\n\n<p>O vereador de S\u00e3o Paulo do Potengi, Nilson Azevedo, destacou a import\u00e2ncia das oficinas do Rota 22, para a troca de informa\u00e7\u00f5es e intera\u00e7\u00e3o entre as lideran\u00e7as do PL. Suzane Mafra, vereadora de Barcelona, sugeriu desenvolver o conhecimento para se promover uma usina de beneficiamento qeu transforme lixo em renda na regi\u00e3o do Potengi.<\/p>\n\n\n\n<p>Fique conectado com o Rota 22 \u2014 acesse o site plrota22.com.br e confira quando o projeto passar\u00e1 por sua regi\u00e3o. Mais informa\u00e7\u00f5es tamb\u00e9m est\u00e3o dispon\u00edveis nas redes sociais, pelos perfis @pl22rn e @plnacional22, e no canal de WhatsApp do Rota 22 no Rio Grande do Norte: canal.plrota22.com.br.<\/p>\n\n\n\n<p>Ainda no m\u00eas de julho, ser\u00e3o realizadas as oficinas na regi\u00e3o Agreste no dia 22, em Passa e Fica, e no dia 23, em Goianinha. No dia 2 de agosto haver\u00e1 o grande Semin\u00e1rio, em Santo Ant\u00f4nio, reunindo lideran\u00e7as do Agreste, Trair\u00ed e Potengi.<\/p>\n\n\n\n<p>Na agenda do Projeto Rota 22, ainda tem oficina em Parnamirim, no dia 6 de agosto, em Extremoz, no dia 7 de agosto, e Semin\u00e1rio da Regi\u00e3o Metropolitana, em Natal, no dia 16 de agosto.<\/p>\n\n\n\n<p><\/p>\n","protected":false},"excerpt":{"rendered":"<p>Na tarde desta segunda-feira (30), na C\u00e2mara Municipal de S\u00e3o Paulo do Potengi, ocorreram os debates da oficina do projeto realizado em parceria com o Instituto \u00c1lvaro Valle e sob a lideran\u00e7a do ex-presidente Jair Bolsonaro e do senador Rog\u00e9rio Marinho. O Rota 22 promove oficinas e semin\u00e1rios com o objetivo de identificar demandas locais&#8230;<\/p>\n","protected":false},"author":1,"featured_media":1987,"comment_status":"open","ping_status":"open","sticky":false,"template":"","format":"standard","meta":{"footnotes":""},"categories":[33],"tags":[],"class_list":["post-1947","post","type-post","status-publish","format-standard","has-post-thumbnail","hentry","category-projeto-rota-22"],"_links":{"self":[{"href":"https:\/\/cafecommessias.com.br\/index.php?rest_route=\/wp\/v2\/posts\/1947","targetHints":{"allow":["GET"]}}],"collection":[{"href":"https:\/\/cafecommessias.com.br\/index.php?rest_route=\/wp\/v2\/posts"}],"about":[{"href":"https:\/\/cafecommessias.com.br\/index.php?rest_route=\/wp\/v2\/types\/post"}],"author":[{"embeddable":true,"href":"https:\/\/cafecommessias.com.br\/index.php?rest_route=\/wp\/v2\/users\/1"}],"replies":[{"embeddable":true,"href":"https:\/\/cafecommessias.com.br\/index.php?rest_route=%2Fwp%2Fv2%2Fcomments&post=1947"}],"version-history":[{"count":3,"href":"https:\/\/cafecommessias.com.br\/index.php?rest_route=\/wp\/v2\/posts\/1947\/revisions"}],"predecessor-version":[{"id":1989,"href":"https:\/\/cafecommessias.com.br\/index.php?rest_route=\/wp\/v2\/posts\/1947\/revisions\/1989"}],"wp:featuredmedia":[{"embeddable":true,"href":"https:\/\/cafecommessias.com.br\/index.php?rest_route=\/wp\/v2\/media\/1987"}],"wp:attachment":[{"href":"https:\/\/cafecommessias.com.br\/index.php?rest_route=%2Fwp%2Fv2%2Fmedia&parent=1947"}],"wp:term":[{"taxonomy":"category","embeddable":true,"href":"https:\/\/cafecommessias.com.br\/index.php?rest_route=%2Fwp%2Fv2%2Fcategories&post=1947"},{"taxonomy":"post_tag","embeddable":true,"href":"https:\/\/cafecommessias.com.br\/index.php?rest_route=%2Fwp%2Fv2%2Ftags&post=1947"}],"curies":[{"name":"wp","href":"https:\/\/api.w.org\/{rel}","templated":true}]}}