{"id":1977,"date":"2025-08-01T02:14:49","date_gmt":"2025-08-01T05:14:49","guid":{"rendered":"https:\/\/cafecommessias.com.br\/?p=1977"},"modified":"2025-08-01T02:14:49","modified_gmt":"2025-08-01T05:14:49","slug":"tarcisio-de-freitas-fara-procedimento-medico-e-nao-vai-a-ato-bolsonarista-no-domingo","status":"publish","type":"post","link":"https:\/\/cafecommessias.com.br\/?p=1977","title":{"rendered":"Tarc\u00edsio de Freitas far\u00e1 procedimento m\u00e9dico e n\u00e3o vai a ato bolsonarista no domingo"},"content":{"rendered":"\n<p>Governador de S\u00e3o Paulo far\u00e1 procedimento no dia manifesta\u00e7\u00e3o; aus\u00eancia ocorre em meio \u00e0 expectativa de parte da base bolsonarista pela sua presen\u00e7a<\/p>\n\n\n\n<p>O governador de S\u00e3o Paulo,\u00a0Tarc\u00edsio de Freitas\u00a0(Republicanos), n\u00e3o participar\u00e1 da\u00a0manifesta\u00e7\u00e3o bolsonarista do pr\u00f3ximo domingo, 3. De acordo com nota divulgada pela assessoria de imprensa, ele passar\u00e1 por um procedimento m\u00e9dico chamado radioabla\u00e7\u00e3o por ultrassonografia de tireoide na tarde de domingo no Hospital Albert Einstein.<\/p>\n\n\n\n<p>A previs\u00e3o \u00e9 que ele tenha alta no mesmo dia. Na segunda-feira, o governador cumprir\u00e1 agenda interna em seu gabinete, no Pal\u00e1cio dos Bandeirantes&#8221;, disse o Pal\u00e1cio dos Bandeirantes.<\/p>\n\n\n\n<p>A aus\u00eancia ocorre em meio \u00e0 expectativa de parte da base bolsonarista pela presen\u00e7a do governador, que at\u00e9 agora n\u00e3o se pronunciou sobre a decis\u00e3o do governo dos Estados Unidos de\u00a0aplicar a Lei Magnitsky contra o ministro Alexandre de Moraes, do Supremo Tribunal Federal (STF). O instrumento j\u00e1 foi usado para punir ditadores e terroristas.<\/p>\n\n\n\n<p>A omiss\u00e3o de Tarc\u00edsio irritou aliados mais radicais do ex-presidente. Cr\u00edticos do governador lembram que, no epis\u00f3dio do tarifa\u00e7o anunciado por Donald Trump sobre produtos brasileiros, Tarc\u00edsio atribuiu a culpa ao governo Lula, sem responsabilizar diretamente o STF ou Moraes. O deputado federal Eduardo Bolsonaro (PL-SP) criticou o governador por\u00a0n\u00e3o defender Bolsonaro e seus apoiadores ao tratar dos impactos das tarifas.<\/p>\n\n\n\n<p>O pastor Silas Malafaia foi um dos que cobraram um posicionamento mais firme do chefe do Executivo paulistano. Mais cedo, ao&nbsp;<strong>Estad\u00e3o<\/strong>, o pastor havia dito que Tarc\u00edsio \u201cdeveria aparecer\u201d na manifesta\u00e7\u00e3o de domingo e que sua aus\u00eancia pegaria mal. Outros governadores n\u00e3o confirmaram se ir\u00e3o ao ato.<\/p>\n\n\n\n<p>Auxiliares de Tarc\u00edsio defendem que a postura de n\u00e3o criticar Moraes \u00e9 estrat\u00e9gica, j\u00e1 que o governador \u00e9 um dos poucos bolsonaristas com acesso ao ministro. Se assumisse uma linha de ataque, perderia essa posi\u00e7\u00e3o.<\/p>\n\n\n\n<p>As manifesta\u00e7\u00f5es previstas para este domingo v\u00e3o ocorrer de\u00a0forma simult\u00e2nea em v\u00e1rias capitais e cidades de todo o Pa\u00eds. Bolsonaro ficar\u00e1 de fora, pois est\u00e1 proibido de sair de casa aos finais de semana por ordem de Moraes\u2014 o magistrado, inclusive, deve ser o principal alvo das passeatas.<\/p>\n\n\n\n<p><sub>por Estad\u00e3o 150<\/sub><\/p>\n\n\n\n<p><\/p>\n","protected":false},"excerpt":{"rendered":"<p>Governador de S\u00e3o Paulo far\u00e1 procedimento no dia manifesta\u00e7\u00e3o; aus\u00eancia ocorre em meio \u00e0 expectativa de parte da base bolsonarista pela sua presen\u00e7a O governador de S\u00e3o Paulo,\u00a0Tarc\u00edsio de Freitas\u00a0(Republicanos), n\u00e3o participar\u00e1 da\u00a0manifesta\u00e7\u00e3o bolsonarista do pr\u00f3ximo domingo, 3. De acordo com nota divulgada pela assessoria de imprensa, ele passar\u00e1 por um procedimento m\u00e9dico chamado radioabla\u00e7\u00e3o&#8230;<\/p>\n","protected":false},"author":1,"featured_media":1978,"comment_status":"open","ping_status":"open","sticky":false,"template":"","format":"standard","meta":{"footnotes":""},"categories":[6],"tags":[],"class_list":["post-1977","post","type-post","status-publish","format-standard","has-post-thumbnail","hentry","category-politica"],"_links":{"self":[{"href":"https:\/\/cafecommessias.com.br\/index.php?rest_route=\/wp\/v2\/posts\/1977","targetHints":{"allow":["GET"]}}],"collection":[{"href":"https:\/\/cafecommessias.com.br\/index.php?rest_route=\/wp\/v2\/posts"}],"about":[{"href":"https:\/\/cafecommessias.com.br\/index.php?rest_route=\/wp\/v2\/types\/post"}],"author":[{"embeddable":true,"href":"https:\/\/cafecommessias.com.br\/index.php?rest_route=\/wp\/v2\/users\/1"}],"replies":[{"embeddable":true,"href":"https:\/\/cafecommessias.com.br\/index.php?rest_route=%2Fwp%2Fv2%2Fcomments&post=1977"}],"version-history":[{"count":1,"href":"https:\/\/cafecommessias.com.br\/index.php?rest_route=\/wp\/v2\/posts\/1977\/revisions"}],"predecessor-version":[{"id":1979,"href":"https:\/\/cafecommessias.com.br\/index.php?rest_route=\/wp\/v2\/posts\/1977\/revisions\/1979"}],"wp:featuredmedia":[{"embeddable":true,"href":"https:\/\/cafecommessias.com.br\/index.php?rest_route=\/wp\/v2\/media\/1978"}],"wp:attachment":[{"href":"https:\/\/cafecommessias.com.br\/index.php?rest_route=%2Fwp%2Fv2%2Fmedia&parent=1977"}],"wp:term":[{"taxonomy":"category","embeddable":true,"href":"https:\/\/cafecommessias.com.br\/index.php?rest_route=%2Fwp%2Fv2%2Fcategories&post=1977"},{"taxonomy":"post_tag","embeddable":true,"href":"https:\/\/cafecommessias.com.br\/index.php?rest_route=%2Fwp%2Fv2%2Ftags&post=1977"}],"curies":[{"name":"wp","href":"https:\/\/api.w.org\/{rel}","templated":true}]}}