{"id":2001,"date":"2025-08-01T19:53:32","date_gmt":"2025-08-01T22:53:32","guid":{"rendered":"https:\/\/cafecommessias.com.br\/?p=2001"},"modified":"2025-08-01T19:53:32","modified_gmt":"2025-08-01T22:53:32","slug":"justica-eleitoral-cassa-mandatos-do-prefeito-e-do-vice-de-equador","status":"publish","type":"post","link":"https:\/\/cafecommessias.com.br\/?p=2001","title":{"rendered":"Justi\u00e7a Eleitoral cassa mandatos do prefeito e do vice de Equador"},"content":{"rendered":"\n<p>Em senten\u00e7a proferida na sexta-feira (1\u00ba), o juiz eleitoral Wilson Neves de Medeiros J\u00fanior cassou o mandato do prefeito de Equador\/RN, Cletson Rivaldo de Oliveira, e do vice-prefeito Caio Ferreira, por abuso de poder pol\u00edtico e uso indevido dos meios de comunica\u00e7\u00e3o durante o pleito de 2024. A decis\u00e3o tamb\u00e9m tornou ambos ineleg\u00edveis por oito anos.<\/p>\n\n\n\n<p>De acordo com a A\u00e7\u00e3o de Investiga\u00e7\u00e3o Judicial Eleitoral (AIJE), Cletson Oliveira teria operado, em conluio com Eldrin Wenceslau Diniz Falc\u00e3o Silva, o perfil an\u00f4nimo \u201cO Sincer\u00e3o\u201d (@sincerao_o) na rede social Instagram. O perfil foi usado de forma sistem\u00e1tica para atacar e ridicularizar advers\u00e1rios pol\u00edticos, divulgando conte\u00fado ofensivo, difamat\u00f3rio e inver\u00eddico contra nomes como Noeide Clemens, Cl\u00e1udio Dami\u00e3o, Jos\u00e9 Frankiney (\u201cKiney\u201d) e Camila Cantalice \u2014 esta \u00faltima teria desistido da candidatura ap\u00f3s os ataques.<\/p>\n\n\n\n<p>A Justi\u00e7a concluiu que as postagens do perfil fake extrapolaram os limites da cr\u00edtica pol\u00edtica, sendo de alta gravidade e com forte repercuss\u00e3o no pequeno col\u00e9gio eleitoral da cidade, que tem pouco mais de 5 mil habitantes. A quebra de sigilo telem\u00e1tico confirmou acessos ao perfil a partir de dispositivos ligados ao pr\u00f3prio prefeito.<\/p>\n\n\n\n<p>Al\u00e9m disso, a decis\u00e3o reconheceu abuso de poder pol\u00edtico com uso da m\u00e1quina p\u00fablica para coagir e manipular eleitores. A prefeitura de Equador contratou centenas de cooperados via cooperativas de trabalho, com forte aumento de despesas no ano eleitoral. Testemunhas relataram que contrata\u00e7\u00f5es e demiss\u00f5es estavam ligadas \u00e0 ades\u00e3o ou n\u00e3o \u00e0 campanha de Cletson. O pr\u00f3prio prefeito, em discurso p\u00fablico, utilizava met\u00e1foras com frutas para amea\u00e7ar opositores (\u201cmelancia eu corto pelo talo\u201d), deixando clara a retalia\u00e7\u00e3o a quem n\u00e3o o apoiasse.<\/p>\n\n\n\n<p>A senten\u00e7a aponta que a conduta dos investigados comprometeu a lisura do pleito e feriu a isonomia entre os candidatos. A decis\u00e3o ainda cabe recurso ao Tribunal Regional Eleitoral. A decis\u00e3o cabe recurso ao Tribunal Regional Eleitoral e os cassados podem continuar no cargo caso recorram da decis\u00e3o.<\/p>\n\n\n\n<p><strong>Decis\u00e3o detalha amea\u00e7as veladas e retalia\u00e7\u00f5es pol\u00edticas<\/strong><\/p>\n\n\n\n<p>Na decis\u00e3o assinada pelo juiz Wilson Neves de Medeiros J\u00fanior que cassou o mandato do prefeito de Equador\/RN, Cletson Rivaldo de Oliveira, a Justi\u00e7a Eleitoral detalhou diversos epis\u00f3dios que demonstram como o gestor utilizou de amea\u00e7as simb\u00f3licas, demiss\u00f5es e promessas de emprego para coagir eleitores e beneficiar sua candidatura \u00e0 reelei\u00e7\u00e3o em 2024.<\/p>\n\n\n\n<p>A senten\u00e7a reconhece que o prefeito \u201cvalia-se de seu poder de influ\u00eancia sobre as cooperativas contratadas para encerrar a presta\u00e7\u00e3o de servi\u00e7os de determinado cooperado que nele n\u00e3o votou ou demonstrou apoio \u00e0 candidata advers\u00e1ria\u201d. Um exemplo citado \u00e9 o do cooperado conhecido como \u201cFranci\u201d, desligado ap\u00f3s participar de um evento da oposi\u00e7\u00e3o.<\/p>\n\n\n\n<p>Em discurso durante evento pol\u00edtico, Cletson usou met\u00e1foras com frutas para dar o recado aos eleitores: \u201cA partir de janeiro, eu n\u00e3o \u00e1guo p\u00e9 de pimenta, eu corto. A partir de janeiro, eu corto o talo da melancia\u2026 melancia sem talo n\u00e3o se sustenta. E a partir de janeiro, eu \u00e1guo todo dia p\u00e9 de abacate, porque abacate \u00e9 verde por dentro e por fora.\u201d<\/p>\n\n\n\n<p>Para a Justi\u00e7a, a fala n\u00e3o deixou d\u00favidas: foi um aviso de retalia\u00e7\u00e3o a quem se declarasse ou fosse suspeito de apoiar o grupo opositor. Os termos \u201cmelancia\u201d (vermelho por dentro) e \u201cabacate\u201d (verde por dentro e por fora) eram uma refer\u00eancia \u00e0s cores das bandeiras pol\u00edticas locais.<\/p>\n\n\n\n<p>A ex-servidora Rita de C\u00e1ssia, demitida ap\u00f3s declarar apoio \u00e0 candidata Noeide Clemens, relatou que ao procurar explica\u00e7\u00f5es, ouviu diretamente do prefeito: \u201cN\u00e3o me ligue mais, porque melancia eu arranco pelo tronco.\u201d<\/p>\n\n\n\n<p>Outro caso grave envolve Katia Paiva, que prestava servi\u00e7os como cooperada. Segundo seu depoimento, ela foi contratada ap\u00f3s prometer voto no prefeito, mas, ao votar na oposi\u00e7\u00e3o, foi demitida dias ap\u00f3s a elei\u00e7\u00e3o, sendo avisada de que \u201cestava a mando do gestor\u201d.<\/p>\n\n\n\n<p>A senten\u00e7a ainda cita que os cooperados eram pressionados a participar de eventos pol\u00edticos da campanha e que a aus\u00eancia resultava em questionamentos no dia seguinte. A gest\u00e3o utilizava cooperativas com forte aumento de contrata\u00e7\u00f5es e despesas no ano eleitoral, sendo as indica\u00e7\u00f5es feitas diretamente por Cletson, segundo relatos.<\/p>\n\n\n\n<p>Com base nesses fatos, a Justi\u00e7a considerou configurado o abuso de poder pol\u00edtico, destacando que o prefeito \u201cinfluenciava diretamente a vontade dos eleitores, comprometendo a igualdade entre as candidaturas\u201d. Al\u00e9m da cassa\u00e7\u00e3o, o prefeito e seu vice foram declarados ineleg\u00edveis por oito anos. A decis\u00e3o ainda \u00e9 pass\u00edvel de recurso junto ao Tribunal Regional Eleitoral.<\/p>\n\n\n\n<p><sub>por Tribuna do Norte<\/sub><\/p>\n\n\n\n<p><a href=\"https:\/\/www.facebook.com\/sharer.php?u=https%3A%2F%2Ftribunadonorte.com.br%2Fpolitica%2Fjustica-eleitoral-cassa-mandatos-do-prefeito-e-do-vice-de-equador%2F\"><\/a><\/p>\n\n\n\n<p><a href=\"https:\/\/www.facebook.com\/sharer.php?u=https%3A%2F%2Ftribunadonorte.com.br%2Fpolitica%2Fjustica-eleitoral-cassa-mandatos-do-prefeito-e-do-vice-de-equador%2F\"><\/a><a href=\"https:\/\/twitter.com\/intent\/tweet?text=Justi%C3%A7a+Eleitoral+cassa+mandatos+do+prefeito+e+do+vice+de+Equador&amp;url=https%3A%2F%2Ftribunadonorte.com.br%2Fpolitica%2Fjustica-eleitoral-cassa-mandatos-do-prefeito-e-do-vice-de-equador%2F&amp;via=Tribuna+do+Norte\"><\/a><a href=\"https:\/\/api.whatsapp.com\/send?text=Justi%C3%A7a+Eleitoral+cassa+mandatos+do+prefeito+e+do+vice+de+Equador%20%0A%0A%20https:\/\/tribunadonorte.com.br\/politica\/justica-eleitoral-cassa-mandatos-do-prefeito-e-do-vice-de-equador\/\"><\/a><a href=\"https:\/\/telegram.me\/share\/url?url=https:\/\/tribunadonorte.com.br\/politica\/justica-eleitoral-cassa-mandatos-do-prefeito-e-do-vice-de-equador\/&amp;text=Justi%C3%A7a+Eleitoral+cassa+mandatos+do+prefeito+e+do+vice+de+Equador\"><\/a><\/p>\n","protected":false},"excerpt":{"rendered":"<p>Em senten\u00e7a proferida na sexta-feira (1\u00ba), o juiz eleitoral Wilson Neves de Medeiros J\u00fanior cassou o mandato do prefeito de Equador\/RN, Cletson Rivaldo de Oliveira, e do vice-prefeito Caio Ferreira, por abuso de poder pol\u00edtico e uso indevido dos meios de comunica\u00e7\u00e3o durante o pleito de 2024. A decis\u00e3o tamb\u00e9m tornou ambos ineleg\u00edveis por oito&#8230;<\/p>\n","protected":false},"author":1,"featured_media":2002,"comment_status":"open","ping_status":"open","sticky":false,"template":"","format":"standard","meta":{"footnotes":""},"categories":[6],"tags":[],"class_list":["post-2001","post","type-post","status-publish","format-standard","has-post-thumbnail","hentry","category-politica"],"_links":{"self":[{"href":"https:\/\/cafecommessias.com.br\/index.php?rest_route=\/wp\/v2\/posts\/2001","targetHints":{"allow":["GET"]}}],"collection":[{"href":"https:\/\/cafecommessias.com.br\/index.php?rest_route=\/wp\/v2\/posts"}],"about":[{"href":"https:\/\/cafecommessias.com.br\/index.php?rest_route=\/wp\/v2\/types\/post"}],"author":[{"embeddable":true,"href":"https:\/\/cafecommessias.com.br\/index.php?rest_route=\/wp\/v2\/users\/1"}],"replies":[{"embeddable":true,"href":"https:\/\/cafecommessias.com.br\/index.php?rest_route=%2Fwp%2Fv2%2Fcomments&post=2001"}],"version-history":[{"count":1,"href":"https:\/\/cafecommessias.com.br\/index.php?rest_route=\/wp\/v2\/posts\/2001\/revisions"}],"predecessor-version":[{"id":2003,"href":"https:\/\/cafecommessias.com.br\/index.php?rest_route=\/wp\/v2\/posts\/2001\/revisions\/2003"}],"wp:featuredmedia":[{"embeddable":true,"href":"https:\/\/cafecommessias.com.br\/index.php?rest_route=\/wp\/v2\/media\/2002"}],"wp:attachment":[{"href":"https:\/\/cafecommessias.com.br\/index.php?rest_route=%2Fwp%2Fv2%2Fmedia&parent=2001"}],"wp:term":[{"taxonomy":"category","embeddable":true,"href":"https:\/\/cafecommessias.com.br\/index.php?rest_route=%2Fwp%2Fv2%2Fcategories&post=2001"},{"taxonomy":"post_tag","embeddable":true,"href":"https:\/\/cafecommessias.com.br\/index.php?rest_route=%2Fwp%2Fv2%2Ftags&post=2001"}],"curies":[{"name":"wp","href":"https:\/\/api.w.org\/{rel}","templated":true}]}}