{"id":2004,"date":"2025-08-01T19:55:47","date_gmt":"2025-08-01T22:55:47","guid":{"rendered":"https:\/\/cafecommessias.com.br\/?p=2004"},"modified":"2025-08-01T19:55:47","modified_gmt":"2025-08-01T22:55:47","slug":"nova-variante-da-covid-19-e-identificada-em-natal-diz-sesap","status":"publish","type":"post","link":"https:\/\/cafecommessias.com.br\/?p=2004","title":{"rendered":"Nova variante da Covid-19 \u00e9 identificada em Natal, diz Sesap"},"content":{"rendered":"\n<p>Tr\u00eas casos da linhagem XFG da variante \u00d4micron foram confirmados em Natal pelo Laborat\u00f3rio Central do Estado<\/p>\n\n\n\n<p>A Secretaria Estadual de Sa\u00fade P\u00fablica do Rio Grande do Norte (Sesap) confirmou a circula\u00e7\u00e3o de uma nova variante da Covid-19 no estado. A linhagem XFG da variante \u00d4micron foi identificada em tr\u00eas pessoas no munic\u00edpio de Natal.<\/p>\n\n\n\n<p>\u00c9 a primeira vez que essa linhagem \u00e9 registrada no RN, segundo o Laborat\u00f3rio Central de Sa\u00fade P\u00fablica (Lacen-RN), respons\u00e1vel pela an\u00e1lise gen\u00f4mica.<\/p>\n\n\n\n<p>A variante XFG j\u00e1 foi detectada em 38 pa\u00edses e em estados como Cear\u00e1, S\u00e3o Paulo, Rio de Janeiro e Santa Catarina. A Organiza\u00e7\u00e3o Mundial da Sa\u00fade (OMS) classifica essa linhagem como \u201csob monitoramento\u201d.<\/p>\n\n\n\n<p>De acordo com a Sesap, \u201cn\u00e3o h\u00e1 sinais de maior gravidade da doen\u00e7a ou de impacto significativo na efic\u00e1cia de vacinas e antivirais\u201d.<\/p>\n\n\n\n<p>A secretaria informou que, com o aumento recente de casos de Covid-19 no Brasil e no RN, \u00e9 importante que pessoas com sintomas gripais reforcem os cuidados, como etiqueta respirat\u00f3ria, higieniza\u00e7\u00e3o das m\u00e3os e procura por atendimento m\u00e9dico.<\/p>\n\n\n\n<p>Profissionais de sa\u00fade devem notificar os casos e solicitar coleta de amostras. Casos leves ou moderados devem ser registrados no sistema e-SUS Notifica. Casos graves, hospitaliza\u00e7\u00f5es ou \u00f3bitos por S\u00edndrome Respirat\u00f3ria Aguda Grave devem ser inseridos no SIVEP-Gripe.<\/p>\n\n\n\n<p>Segundo a Sesap, esses dados s\u00e3o usados para monitorar a situa\u00e7\u00e3o epidemiol\u00f3gica e apoiar decis\u00f5es das autoridades de sa\u00fade.<\/p>\n\n\n\n<p><sub>por Agora RN<\/sub><\/p>\n\n\n\n<p><\/p>\n","protected":false},"excerpt":{"rendered":"<p>Tr\u00eas casos da linhagem XFG da variante \u00d4micron foram confirmados em Natal pelo Laborat\u00f3rio Central do Estado A Secretaria Estadual de Sa\u00fade P\u00fablica do Rio Grande do Norte (Sesap) confirmou a circula\u00e7\u00e3o de uma nova variante da Covid-19 no estado. A linhagem XFG da variante \u00d4micron foi identificada em tr\u00eas pessoas no munic\u00edpio de Natal&#8230;.<\/p>\n","protected":false},"author":1,"featured_media":2005,"comment_status":"open","ping_status":"open","sticky":false,"template":"","format":"standard","meta":{"footnotes":""},"categories":[1],"tags":[],"class_list":["post-2004","post","type-post","status-publish","format-standard","has-post-thumbnail","hentry","category-saude"],"_links":{"self":[{"href":"https:\/\/cafecommessias.com.br\/index.php?rest_route=\/wp\/v2\/posts\/2004","targetHints":{"allow":["GET"]}}],"collection":[{"href":"https:\/\/cafecommessias.com.br\/index.php?rest_route=\/wp\/v2\/posts"}],"about":[{"href":"https:\/\/cafecommessias.com.br\/index.php?rest_route=\/wp\/v2\/types\/post"}],"author":[{"embeddable":true,"href":"https:\/\/cafecommessias.com.br\/index.php?rest_route=\/wp\/v2\/users\/1"}],"replies":[{"embeddable":true,"href":"https:\/\/cafecommessias.com.br\/index.php?rest_route=%2Fwp%2Fv2%2Fcomments&post=2004"}],"version-history":[{"count":1,"href":"https:\/\/cafecommessias.com.br\/index.php?rest_route=\/wp\/v2\/posts\/2004\/revisions"}],"predecessor-version":[{"id":2006,"href":"https:\/\/cafecommessias.com.br\/index.php?rest_route=\/wp\/v2\/posts\/2004\/revisions\/2006"}],"wp:featuredmedia":[{"embeddable":true,"href":"https:\/\/cafecommessias.com.br\/index.php?rest_route=\/wp\/v2\/media\/2005"}],"wp:attachment":[{"href":"https:\/\/cafecommessias.com.br\/index.php?rest_route=%2Fwp%2Fv2%2Fmedia&parent=2004"}],"wp:term":[{"taxonomy":"category","embeddable":true,"href":"https:\/\/cafecommessias.com.br\/index.php?rest_route=%2Fwp%2Fv2%2Fcategories&post=2004"},{"taxonomy":"post_tag","embeddable":true,"href":"https:\/\/cafecommessias.com.br\/index.php?rest_route=%2Fwp%2Fv2%2Ftags&post=2004"}],"curies":[{"name":"wp","href":"https:\/\/api.w.org\/{rel}","templated":true}]}}