{"id":2009,"date":"2025-08-02T07:45:08","date_gmt":"2025-08-02T10:45:08","guid":{"rendered":"https:\/\/cafecommessias.com.br\/?p=2009"},"modified":"2025-08-02T07:45:34","modified_gmt":"2025-08-02T10:45:34","slug":"haddad-quer-falar-com-secretario-americano-antes-de-lula-ligar-para-trump","status":"publish","type":"post","link":"https:\/\/cafecommessias.com.br\/?p=2009","title":{"rendered":"Haddad quer falar com secret\u00e1rio americano antes de Lula ligar para Trump"},"content":{"rendered":"\n<p>O ministro da Fazenda, Fernando Haddad, afirmou nesta sexta-feira (1\u00ba) que pretende conversar com o secret\u00e1rio do Tesouro dos Estados Unidos, Scott Bessent, na pr\u00f3xima semana, para tratar das tarifas de 50% impostas por Washington a parte das exporta\u00e7\u00f5es brasileiras. Segundo o ministro, o encontro pode abrir caminho para um eventual di\u00e1logo direto entre o presidente Luiz In\u00e1cio Lula da Silva e o presidente norte-americano, Donald Trump.<\/p>\n\n\n\n<p>\u201cAinda n\u00e3o h\u00e1 data definida, mas essa reuni\u00e3o \u00e9 essencial para esclarecer os impactos da medida e retomar os canais de negocia\u00e7\u00e3o\u201d, disse Haddad. Ele destacou que o governo brasileiro considera a decis\u00e3o dos EUA unilateral e que pretende apresentar argumentos t\u00e9cnicos sobre os impactos econ\u00f4micos e legais da medida.<\/p>\n\n\n\n<p>Trump afirmou que Lula pode ligar \u201cquando quiser\u201d para discutir as tarifas. A declara\u00e7\u00e3o foi dada a jornalistas no jardim da Casa Branca. \u201cAcho \u00f3timo. A rec\u00edproca tamb\u00e9m \u00e9 verdadeira. O presidente Lula estaria disposto a receber um telefonema dele quando ele quiser\u201d, respondeu Haddad ao ser questionado sobre a fala do l\u00edder americano.<\/p>\n\n\n\n<p>A sobretaxa, decretada no final de julho, foi justificada por Trump como uma resposta a a\u00e7\u00f5es \u201cincomuns\u201d e \u201cextraordin\u00e1rias\u201d do governo brasileiro, classificadas como amea\u00e7a \u00e0 seguran\u00e7a nacional dos EUA. Apesar disso, cerca de 44,6% das exporta\u00e7\u00f5es do Brasil foram poupadas da tarifa, incluindo produtos como petr\u00f3leo, celulose, suco de laranja, min\u00e9rio de ferro e avi\u00f5es.<\/p>\n\n\n\n<p>Al\u00e9m do impacto comercial, a agenda entre Brasil e Estados Unidos pode incluir a aplica\u00e7\u00e3o da Lei Magnitsky ao ministro do Supremo Tribunal Federal (STF) Alexandre de Moraes. O governo americano imp\u00f4s san\u00e7\u00f5es ao magistrado no mesmo decreto que anunciou o tarifa\u00e7o. Haddad afirmou que pretende esclarecer a Bessent como funciona o sistema judici\u00e1rio brasileiro e rebater o que chamou de \u201cdesinforma\u00e7\u00e3o\u201d sobre o tema. O presidente Lula tamb\u00e9m se manifestou nas redes sociais nesta sexta. Disse que o Brasil \u201csempre esteve aberto ao di\u00e1logo\u201d e que continuar\u00e1 defendendo sua economia, empresas e trabalhadores. \u201cQuem define os rumos do Brasil s\u00e3o os brasileiros e suas institui\u00e7\u00f5es\u201d, escreveu.<\/p>\n\n\n\n<p>Paralelamente, o governo federal discute medidas para mitigar os impactos da tarifa. No Cear\u00e1, por exemplo, o governador Elmano de Freitas e Haddad avaliaram a possibilidade de que o Estado e prefeituras comprem alimentos prejudicados pela medida, como peixes e frutas, para uso em programas sociais. Ainda n\u00e3o h\u00e1 previs\u00e3o de um encontro presencial entre Lula e Trump. Segundo Haddad, tudo depender\u00e1 dos desdobramentos da conversa com o secret\u00e1rio do Tesouro americano.<\/p>\n\n\n\n<p><sub>Por Jovem Pan News<\/sub><\/p>\n\n\n\n<p class=\"has-text-align-center\"><strong><em>PUBLICIDADE<\/em><\/strong><\/p>\n\n\n\n<figure class=\"wp-block-image size-full\"><img loading=\"lazy\" decoding=\"async\" width=\"750\" height=\"200\" src=\"https:\/\/cafecommessias.com.br\/wp-content\/uploads\/2025\/08\/9008695748366243746.gif\" alt=\"\" class=\"wp-image-2010\"\/><\/figure>\n","protected":false},"excerpt":{"rendered":"<p>O ministro da Fazenda, Fernando Haddad, afirmou nesta sexta-feira (1\u00ba) que pretende conversar com o secret\u00e1rio do Tesouro dos Estados Unidos, Scott Bessent, na pr\u00f3xima semana, para tratar das tarifas de 50% impostas por Washington a parte das exporta\u00e7\u00f5es brasileiras. Segundo o ministro, o encontro pode abrir caminho para um eventual di\u00e1logo direto entre o&#8230;<\/p>\n","protected":false},"author":1,"featured_media":2011,"comment_status":"open","ping_status":"closed","sticky":false,"template":"","format":"standard","meta":{"footnotes":""},"categories":[7],"tags":[],"class_list":["post-2009","post","type-post","status-publish","format-standard","has-post-thumbnail","hentry","category-economia"],"_links":{"self":[{"href":"https:\/\/cafecommessias.com.br\/index.php?rest_route=\/wp\/v2\/posts\/2009","targetHints":{"allow":["GET"]}}],"collection":[{"href":"https:\/\/cafecommessias.com.br\/index.php?rest_route=\/wp\/v2\/posts"}],"about":[{"href":"https:\/\/cafecommessias.com.br\/index.php?rest_route=\/wp\/v2\/types\/post"}],"author":[{"embeddable":true,"href":"https:\/\/cafecommessias.com.br\/index.php?rest_route=\/wp\/v2\/users\/1"}],"replies":[{"embeddable":true,"href":"https:\/\/cafecommessias.com.br\/index.php?rest_route=%2Fwp%2Fv2%2Fcomments&post=2009"}],"version-history":[{"count":1,"href":"https:\/\/cafecommessias.com.br\/index.php?rest_route=\/wp\/v2\/posts\/2009\/revisions"}],"predecessor-version":[{"id":2012,"href":"https:\/\/cafecommessias.com.br\/index.php?rest_route=\/wp\/v2\/posts\/2009\/revisions\/2012"}],"wp:featuredmedia":[{"embeddable":true,"href":"https:\/\/cafecommessias.com.br\/index.php?rest_route=\/wp\/v2\/media\/2011"}],"wp:attachment":[{"href":"https:\/\/cafecommessias.com.br\/index.php?rest_route=%2Fwp%2Fv2%2Fmedia&parent=2009"}],"wp:term":[{"taxonomy":"category","embeddable":true,"href":"https:\/\/cafecommessias.com.br\/index.php?rest_route=%2Fwp%2Fv2%2Fcategories&post=2009"},{"taxonomy":"post_tag","embeddable":true,"href":"https:\/\/cafecommessias.com.br\/index.php?rest_route=%2Fwp%2Fv2%2Ftags&post=2009"}],"curies":[{"name":"wp","href":"https:\/\/api.w.org\/{rel}","templated":true}]}}