{"id":2013,"date":"2025-08-02T07:48:44","date_gmt":"2025-08-02T10:48:44","guid":{"rendered":"https:\/\/cafecommessias.com.br\/?p=2013"},"modified":"2025-08-02T07:49:06","modified_gmt":"2025-08-02T10:49:06","slug":"presa-na-italia-zambelli-ganha-tempo-em-processo-na-ccj-da-camara","status":"publish","type":"post","link":"https:\/\/cafecommessias.com.br\/?p=2013","title":{"rendered":"Presa na It\u00e1lia, Zambelli ganha tempo em processo na CCJ da C\u00e2mara"},"content":{"rendered":"\n<p>Presa na It\u00e1lia, a deputada licenciada Carla Zambelli (PL-SP) deve ganhar tempo no processo de perda do seu mandato que tramita na Comiss\u00e3o Constitui\u00e7\u00e3o e Justi\u00e7a (CCJ) da C\u00e2mara.<\/p>\n\n\n\n<p>Inicialmente, a previs\u00e3o era de que o processo contra a parlamentar fosse votado pelos deputados na comiss\u00e3o no in\u00edcio de agosto, logo ap\u00f3s a volta do recesso de julho no Legislativo.<\/p>\n\n\n\n<p>A previs\u00e3o, por\u00e9m, mudou. \u00c0 coluna do Igor Gadelha, o presidente da CCJ, deputado Paulo Azi (Uni\u00e3o-BA), disse que o processo deve ser analisado somente em setembro, devido aos tramites da a\u00e7\u00e3o.<\/p>\n\n\n\n<p>O parecer sobre o caso, por exemplo, ainda n\u00e3o foi apresentado pelo relator, Diego Garcia (Republicanos-PR), e s\u00f3 ser\u00e1 votado quando testemunhas e a pr\u00f3pria Zambelli forem ouvidas.<\/p>\n\n\n\n<p>O presidente da CCJ, segundo apurou a coluna, tem uma conversa com o relator do caso prevista para a ter\u00e7a-feira (5\/8). No encontro, eles devem conversar sobre o calend\u00e1rio para o processo.<\/p>\n\n\n\n<p><strong>Extradi\u00e7\u00e3o pode afetar futuro de Zambelli<\/strong><\/p>\n\n\n\n<p>Como a coluna noticiou, a poss\u00edvel extra\u00e7\u00e3o de Zambelli, se ocorrer logo, tem potencial para influenciar o processo de perda do mandato da parlamentar na C\u00e2mara.<\/p>\n\n\n\n<p>\u201cCom a pris\u00e3o, n\u00e3o haver\u00e1 nenhuma altera\u00e7\u00e3o no que estamos avaliando na CCJ. O que pode acontecer \u00e9 que, em caso de extradi\u00e7\u00e3o, interfira no julgamento, em como cada deputado vai votar (em rela\u00e7\u00e3o \u00e0 perda de mandato)\u201d, avalia o presidente da comiss\u00e3o.<\/p>\n\n\n\n<p><sub>Por Igor Gadelha<\/sub><\/p>\n\n\n\n<p class=\"has-text-align-center\"><strong><em>PUBLICIDADE<\/em><\/strong><\/p>\n\n\n\n<figure class=\"wp-block-image size-large\"><img loading=\"lazy\" decoding=\"async\" width=\"1024\" height=\"158\" src=\"https:\/\/cafecommessias.com.br\/wp-content\/uploads\/2025\/07\/1300x200-7-1024x158.gif\" alt=\"\" class=\"wp-image-1876\" srcset=\"https:\/\/cafecommessias.com.br\/wp-content\/uploads\/2025\/07\/1300x200-7-1024x158.gif 1024w, https:\/\/cafecommessias.com.br\/wp-content\/uploads\/2025\/07\/1300x200-7-300x46.gif 300w, https:\/\/cafecommessias.com.br\/wp-content\/uploads\/2025\/07\/1300x200-7-768x118.gif 768w\" sizes=\"auto, (max-width: 1024px) 100vw, 1024px\" \/><\/figure>\n","protected":false},"excerpt":{"rendered":"<p>Presa na It\u00e1lia, a deputada licenciada Carla Zambelli (PL-SP) deve ganhar tempo no processo de perda do seu mandato que tramita na Comiss\u00e3o Constitui\u00e7\u00e3o e Justi\u00e7a (CCJ) da C\u00e2mara. Inicialmente, a previs\u00e3o era de que o processo contra a parlamentar fosse votado pelos deputados na comiss\u00e3o no in\u00edcio de agosto, logo ap\u00f3s a volta do&#8230;<\/p>\n","protected":false},"author":1,"featured_media":2014,"comment_status":"open","ping_status":"closed","sticky":false,"template":"","format":"standard","meta":{"footnotes":""},"categories":[6],"tags":[],"class_list":["post-2013","post","type-post","status-publish","format-standard","has-post-thumbnail","hentry","category-politica"],"_links":{"self":[{"href":"https:\/\/cafecommessias.com.br\/index.php?rest_route=\/wp\/v2\/posts\/2013","targetHints":{"allow":["GET"]}}],"collection":[{"href":"https:\/\/cafecommessias.com.br\/index.php?rest_route=\/wp\/v2\/posts"}],"about":[{"href":"https:\/\/cafecommessias.com.br\/index.php?rest_route=\/wp\/v2\/types\/post"}],"author":[{"embeddable":true,"href":"https:\/\/cafecommessias.com.br\/index.php?rest_route=\/wp\/v2\/users\/1"}],"replies":[{"embeddable":true,"href":"https:\/\/cafecommessias.com.br\/index.php?rest_route=%2Fwp%2Fv2%2Fcomments&post=2013"}],"version-history":[{"count":1,"href":"https:\/\/cafecommessias.com.br\/index.php?rest_route=\/wp\/v2\/posts\/2013\/revisions"}],"predecessor-version":[{"id":2015,"href":"https:\/\/cafecommessias.com.br\/index.php?rest_route=\/wp\/v2\/posts\/2013\/revisions\/2015"}],"wp:featuredmedia":[{"embeddable":true,"href":"https:\/\/cafecommessias.com.br\/index.php?rest_route=\/wp\/v2\/media\/2014"}],"wp:attachment":[{"href":"https:\/\/cafecommessias.com.br\/index.php?rest_route=%2Fwp%2Fv2%2Fmedia&parent=2013"}],"wp:term":[{"taxonomy":"category","embeddable":true,"href":"https:\/\/cafecommessias.com.br\/index.php?rest_route=%2Fwp%2Fv2%2Fcategories&post=2013"},{"taxonomy":"post_tag","embeddable":true,"href":"https:\/\/cafecommessias.com.br\/index.php?rest_route=%2Fwp%2Fv2%2Ftags&post=2013"}],"curies":[{"name":"wp","href":"https:\/\/api.w.org\/{rel}","templated":true}]}}