{"id":2023,"date":"2025-08-02T21:28:43","date_gmt":"2025-08-03T00:28:43","guid":{"rendered":"https:\/\/cafecommessias.com.br\/?p=2023"},"modified":"2025-08-02T21:28:43","modified_gmt":"2025-08-03T00:28:43","slug":"acusado-de-tentativa-de-feminicidio-em-natal-igor-cabral-denuncia-agressao-dentro-de-presidio","status":"publish","type":"post","link":"https:\/\/cafecommessias.com.br\/?p=2023","title":{"rendered":"Acusado de tentativa de feminic\u00eddio em Natal, Igor Cabral denuncia agress\u00e3o dentro de pres\u00eddio"},"content":{"rendered":"\n<p>A Secretaria da Administra\u00e7\u00e3o Penitenci\u00e1ria do Rio Grande do Norte (SEAP) informou que est\u00e1 apurando uma den\u00fancia de agress\u00e3o contra Igor Eduardo Pereira Cabral, de 29 anos, preso acusado de tentar matar a ex-companheira Juliana Soares no \u00faltimo s\u00e1bado (26), em Natal. A suposta agress\u00e3o teria sido cometida por policiais penais de plant\u00e3o na Cadeia P\u00fablica Dinor\u00e1 Simas Lima Deodato, em Cear\u00e1-Mirim, onde o acusado est\u00e1 custodiado.Play Video<\/p>\n\n\n\n<p>De acordo com nota divulgada pela SEAP na noite desta sexta-feira (1\u00ba), assim que tomou conhecimento da den\u00fancia, a pasta adotou provid\u00eancias imediatas. Em nota, a secretaria informou que equipes da Coordenadoria da Administra\u00e7\u00e3o Penitenci\u00e1ria e da Ouvidoria do Sistema Penitenci\u00e1rio foram deslocadas at\u00e9 a unidade para acompanhar a situa\u00e7\u00e3o e garantir os procedimentos legais.<\/p>\n\n\n\n<p>O interno foi encaminhado \u00e0 Delegacia de Plant\u00e3o da Pol\u00edcia Civil para registrar a ocorr\u00eancia e submetido a exame de corpo de delito no Instituto T\u00e9cnico-Cient\u00edfico de Per\u00edcia (ITEP).<\/p>\n\n\n\n<p>A Pol\u00edcia Civil ficar\u00e1 respons\u00e1vel pela investiga\u00e7\u00e3o do caso. Al\u00e9m disso, a Corregedoria do Sistema Prisional tamb\u00e9m foi acionada para apurar poss\u00edveis excessos cometidos pelos agentes de seguran\u00e7a da unidade.<\/p>\n\n\n\n<p>Igor Eduardo responde por tentativa de feminic\u00eddio ap\u00f3s agredir Juliana com ao menos 60 socos no rosto, dentro de um elevador em um condom\u00ednio no bairro de Ponta Negra, zona Sul da capital. A v\u00edtima passou por uma cirurgia de reconstru\u00e7\u00e3o facial nesta sexta-feira (1\u00ba) no Hospital Universit\u00e1rio Onofre Lopes (HUOL) e segue internada sob observa\u00e7\u00e3o. O caso ganhou grande repercuss\u00e3o e \u00e9 tratado pela Pol\u00edcia Civil como um crime motivado por viol\u00eancia de g\u00eanero.<\/p>\n\n\n\n<p><sub>por Tribuna do Norte<\/sub><\/p>\n","protected":false},"excerpt":{"rendered":"<p>A Secretaria da Administra\u00e7\u00e3o Penitenci\u00e1ria do Rio Grande do Norte (SEAP) informou que est\u00e1 apurando uma den\u00fancia de agress\u00e3o contra Igor Eduardo Pereira Cabral, de 29 anos, preso acusado de tentar matar a ex-companheira Juliana Soares no \u00faltimo s\u00e1bado (26), em Natal. A suposta agress\u00e3o teria sido cometida por policiais penais de plant\u00e3o na Cadeia&#8230;<\/p>\n","protected":false},"author":1,"featured_media":2024,"comment_status":"open","ping_status":"open","sticky":false,"template":"","format":"standard","meta":{"footnotes":""},"categories":[27],"tags":[],"class_list":["post-2023","post","type-post","status-publish","format-standard","has-post-thumbnail","hentry","category-violencia"],"_links":{"self":[{"href":"https:\/\/cafecommessias.com.br\/index.php?rest_route=\/wp\/v2\/posts\/2023","targetHints":{"allow":["GET"]}}],"collection":[{"href":"https:\/\/cafecommessias.com.br\/index.php?rest_route=\/wp\/v2\/posts"}],"about":[{"href":"https:\/\/cafecommessias.com.br\/index.php?rest_route=\/wp\/v2\/types\/post"}],"author":[{"embeddable":true,"href":"https:\/\/cafecommessias.com.br\/index.php?rest_route=\/wp\/v2\/users\/1"}],"replies":[{"embeddable":true,"href":"https:\/\/cafecommessias.com.br\/index.php?rest_route=%2Fwp%2Fv2%2Fcomments&post=2023"}],"version-history":[{"count":1,"href":"https:\/\/cafecommessias.com.br\/index.php?rest_route=\/wp\/v2\/posts\/2023\/revisions"}],"predecessor-version":[{"id":2025,"href":"https:\/\/cafecommessias.com.br\/index.php?rest_route=\/wp\/v2\/posts\/2023\/revisions\/2025"}],"wp:featuredmedia":[{"embeddable":true,"href":"https:\/\/cafecommessias.com.br\/index.php?rest_route=\/wp\/v2\/media\/2024"}],"wp:attachment":[{"href":"https:\/\/cafecommessias.com.br\/index.php?rest_route=%2Fwp%2Fv2%2Fmedia&parent=2023"}],"wp:term":[{"taxonomy":"category","embeddable":true,"href":"https:\/\/cafecommessias.com.br\/index.php?rest_route=%2Fwp%2Fv2%2Fcategories&post=2023"},{"taxonomy":"post_tag","embeddable":true,"href":"https:\/\/cafecommessias.com.br\/index.php?rest_route=%2Fwp%2Fv2%2Ftags&post=2023"}],"curies":[{"name":"wp","href":"https:\/\/api.w.org\/{rel}","templated":true}]}}