{"id":2065,"date":"2025-08-04T01:12:55","date_gmt":"2025-08-04T04:12:55","guid":{"rendered":"https:\/\/cafecommessias.com.br\/?p=2065"},"modified":"2025-08-04T01:12:55","modified_gmt":"2025-08-04T04:12:55","slug":"veja-video-artista-circense-sofre-acidente-durante-apresentacao-em-macau","status":"publish","type":"post","link":"https:\/\/cafecommessias.com.br\/?p=2065","title":{"rendered":"VEJA V\u00cdDEO: Artista circense sofre acidente durante apresenta\u00e7\u00e3o em Macau;"},"content":{"rendered":"\n<p>Uma artista de circo caiu de um trap\u00e9zio durante uma apresenta\u00e7\u00e3o do Circo Los Campellos na noite do \u00faltimo s\u00e1bado (2), em Macau\/RN, na regi\u00e3o da Costa Branca. O acidente ocorreu diante do p\u00fablico e mobilizou equipes de socorro no local.<\/p>\n\n\n\n<p>A artista foi levada inicialmente por uma ambul\u00e2ncia municipal e, devido \u00e0 gravidade dos ferimentos, transferida para o Hospital Walfredo Gurgel, em Natal. At\u00e9 o momento, n\u00e3o h\u00e1 boletim m\u00e9dico oficial divulgado pela unidade hospitalar.<\/p>\n\n\n\n<p>As causas da queda ainda est\u00e3o sendo investigadas. Em nota divulgada nas redes sociais, a dire\u00e7\u00e3o do Circo Los Campellos afirmou que a artista passou por exames e est\u00e1 bem, mas n\u00e3o informou se ela j\u00e1 recebeu alta.<\/p>\n\n\n\n<figure class=\"wp-block-video\"><video height=\"1080\" style=\"aspect-ratio: 1920 \/ 1080;\" width=\"1920\" controls src=\"https:\/\/cafecommessias.com.br\/wp-content\/uploads\/2025\/08\/Artista-circense-sofre-acidente-durante-apresentacao-em-Macau.mp4\"><\/video><\/figure>\n\n\n\n<p><sub>por g1<\/sub><\/p>\n","protected":false},"excerpt":{"rendered":"<p>Uma artista de circo caiu de um trap\u00e9zio durante uma apresenta\u00e7\u00e3o do Circo Los Campellos na noite do \u00faltimo s\u00e1bado (2), em Macau\/RN, na regi\u00e3o da Costa Branca. O acidente ocorreu diante do p\u00fablico e mobilizou equipes de socorro no local. A artista foi levada inicialmente por uma ambul\u00e2ncia municipal e, devido \u00e0 gravidade dos&#8230;<\/p>\n","protected":false},"author":1,"featured_media":0,"comment_status":"open","ping_status":"open","sticky":false,"template":"","format":"standard","meta":{"footnotes":""},"categories":[9],"tags":[],"class_list":["post-2065","post","type-post","status-publish","format-standard","hentry","category-acidente"],"_links":{"self":[{"href":"https:\/\/cafecommessias.com.br\/index.php?rest_route=\/wp\/v2\/posts\/2065","targetHints":{"allow":["GET"]}}],"collection":[{"href":"https:\/\/cafecommessias.com.br\/index.php?rest_route=\/wp\/v2\/posts"}],"about":[{"href":"https:\/\/cafecommessias.com.br\/index.php?rest_route=\/wp\/v2\/types\/post"}],"author":[{"embeddable":true,"href":"https:\/\/cafecommessias.com.br\/index.php?rest_route=\/wp\/v2\/users\/1"}],"replies":[{"embeddable":true,"href":"https:\/\/cafecommessias.com.br\/index.php?rest_route=%2Fwp%2Fv2%2Fcomments&post=2065"}],"version-history":[{"count":1,"href":"https:\/\/cafecommessias.com.br\/index.php?rest_route=\/wp\/v2\/posts\/2065\/revisions"}],"predecessor-version":[{"id":2067,"href":"https:\/\/cafecommessias.com.br\/index.php?rest_route=\/wp\/v2\/posts\/2065\/revisions\/2067"}],"wp:attachment":[{"href":"https:\/\/cafecommessias.com.br\/index.php?rest_route=%2Fwp%2Fv2%2Fmedia&parent=2065"}],"wp:term":[{"taxonomy":"category","embeddable":true,"href":"https:\/\/cafecommessias.com.br\/index.php?rest_route=%2Fwp%2Fv2%2Fcategories&post=2065"},{"taxonomy":"post_tag","embeddable":true,"href":"https:\/\/cafecommessias.com.br\/index.php?rest_route=%2Fwp%2Fv2%2Ftags&post=2065"}],"curies":[{"name":"wp","href":"https:\/\/api.w.org\/{rel}","templated":true}]}}