{"id":2071,"date":"2025-08-04T08:12:18","date_gmt":"2025-08-04T11:12:18","guid":{"rendered":"https:\/\/cafecommessias.com.br\/?p=2071"},"modified":"2025-08-04T08:12:43","modified_gmt":"2025-08-04T11:12:43","slug":"congresso-retoma-trabalhos-de-olho-na-anistia-ir-e-cassacoes","status":"publish","type":"post","link":"https:\/\/cafecommessias.com.br\/?p=2071","title":{"rendered":"Congresso retoma trabalhos de olho na anistia, IR e cassa\u00e7\u00f5es"},"content":{"rendered":"\n<p>O Congresso Nacional volta \u00e0s atividades nesta semana com a oposi\u00e7\u00e3o tentando emplacar a vota\u00e7\u00e3o da anistia a envolvidos na suposta tentativa de golpe de Estado.<\/p>\n\n\n\n<p>Ao longo destas \u00faltimas semanas, a c\u00fapula do Congresso n\u00e3o deu sinais de que acatar\u00e1 os pedidos da oposi\u00e7\u00e3o ao governo de Luiz In\u00e1cio Lula da Silva (PT).<\/p>\n\n\n\n<p>Al\u00e9m de a C\u00e2mara n\u00e3o ter pautado a urg\u00eancia \u00e0 anistia em plen\u00e1rio at\u00e9 o momento, o Senado segue sem avan\u00e7ar com os mais de 25 pedidos de cassa\u00e7\u00e3o contra o ministro Alexandre de Moraes, do STF (Supremo Tribunal Federal).<\/p>\n\n\n\n<p>A anistia e o impeachment de Moraes est\u00e3o hoje entre os principais pleitos da oposi\u00e7\u00e3o em meio ao tarifa\u00e7o e \u00e0s san\u00e7\u00f5es dos Estados Unidos a ministros do Supremo.<\/p>\n\n\n\n<p>Parlamentares do PL, como Eduardo Bolsonaro (SP), chegam a defender que toda a situa\u00e7\u00e3o seria supostamente resolvida se fosse concedida uma anistia ampla e irrestrita. Na pr\u00e1tica, isso livraria o pai e ex-presidente, Jair Bolsonaro (PL).<\/p>\n\n\n\n<p>Na \u00faltima semana, o senador Fl\u00e1vio Bolsonaro (PL-RJ) alegou n\u00e3o haver imparcialidade nem o devido processo legal nas a\u00e7\u00f5es contra o pai e o irm\u00e3o relatadas por Moraes no Supremo.<\/p>\n\n\n\n<p>J\u00e1 o deputado Nikolas Ferreira (PL-MG) voltou a expor nas redes sociais os senadores que apoiam ou n\u00e3o um impeachment. A contabilidade mostra que a oposi\u00e7\u00e3o ainda est\u00e1 longe de conseguir os 54 votos necess\u00e1rios.<\/p>\n\n\n\n<p>Embora com respostas mais t\u00edmidas do que as do Supremo ou as do Planalto, tanto Hugo Motta (Republicanos-PB), presidente da C\u00e2mara, quanto Davi Alcolumbre (Uni\u00e3o-AP), presidente do Senado, afirmaram que n\u00e3o aceitar\u00e3o interfer\u00eancias na atua\u00e7\u00e3o dos Poderes. Eles refor\u00e7aram que a soberania nacional \u00e9 inegoci\u00e1vel.<\/p>\n\n\n\n<p>Hugo negou ao grupo, durante o recesso informal, promover reuni\u00f5es de comiss\u00f5es na C\u00e2mara comandadas pelo PL. A ideia do grupo era aprovar mo\u00e7\u00f5es de apoio a Bolsonaro e usar o espa\u00e7o para discursos. Embora o recesso fosse extraoficial, o presidente da Casa proibiu qualquer reuni\u00e3o, j\u00e1 que os trabalhos seriam prejudicados pela aus\u00eancia dos demais parlamentares.<\/p>\n\n\n\n<p>Enquanto isso, o centr\u00e3o evitou comprar qualquer briga direta. Deputados e senadores da ala aproveitaram o recesso para descansar ou articular nas respectivas bases eleitorais. Nem todos concordam com o discurso mais radicalizado de Eduardo Bolsonaro.<\/p>\n\n\n\n<p>A comitiva de senadores que foi aos Estados Unidos na busca de abrir um di\u00e1logo de negocia\u00e7\u00e3o para o tarifa\u00e7o incluiu parlamentares de oposi\u00e7\u00e3o, como Marcos Pontes (PL-SP), Esperidi\u00e3o Amin (PP-SC) e Tereza Cristina (PP-MS).<\/p>\n\n\n\n<p>No entanto, ningu\u00e9m na viagem foi com a inten\u00e7\u00e3o de criticar o governo Lula ou Alexandre de Moraes aos americanos. Pelo contr\u00e1rio: a uni\u00e3o deu a t\u00f4nica do grupo ao lado de petistas.<\/p>\n\n\n\n<p><sub>Por CNN<\/sub><\/p>\n","protected":false},"excerpt":{"rendered":"<p>O Congresso Nacional volta \u00e0s atividades nesta semana com a oposi\u00e7\u00e3o tentando emplacar a vota\u00e7\u00e3o da anistia a envolvidos na suposta tentativa de golpe de Estado. Ao longo destas \u00faltimas semanas, a c\u00fapula do Congresso n\u00e3o deu sinais de que acatar\u00e1 os pedidos da oposi\u00e7\u00e3o ao governo de Luiz In\u00e1cio Lula da Silva (PT). Al\u00e9m&#8230;<\/p>\n","protected":false},"author":1,"featured_media":2072,"comment_status":"open","ping_status":"closed","sticky":false,"template":"","format":"standard","meta":{"footnotes":""},"categories":[6],"tags":[],"class_list":["post-2071","post","type-post","status-publish","format-standard","has-post-thumbnail","hentry","category-politica"],"_links":{"self":[{"href":"https:\/\/cafecommessias.com.br\/index.php?rest_route=\/wp\/v2\/posts\/2071","targetHints":{"allow":["GET"]}}],"collection":[{"href":"https:\/\/cafecommessias.com.br\/index.php?rest_route=\/wp\/v2\/posts"}],"about":[{"href":"https:\/\/cafecommessias.com.br\/index.php?rest_route=\/wp\/v2\/types\/post"}],"author":[{"embeddable":true,"href":"https:\/\/cafecommessias.com.br\/index.php?rest_route=\/wp\/v2\/users\/1"}],"replies":[{"embeddable":true,"href":"https:\/\/cafecommessias.com.br\/index.php?rest_route=%2Fwp%2Fv2%2Fcomments&post=2071"}],"version-history":[{"count":1,"href":"https:\/\/cafecommessias.com.br\/index.php?rest_route=\/wp\/v2\/posts\/2071\/revisions"}],"predecessor-version":[{"id":2073,"href":"https:\/\/cafecommessias.com.br\/index.php?rest_route=\/wp\/v2\/posts\/2071\/revisions\/2073"}],"wp:featuredmedia":[{"embeddable":true,"href":"https:\/\/cafecommessias.com.br\/index.php?rest_route=\/wp\/v2\/media\/2072"}],"wp:attachment":[{"href":"https:\/\/cafecommessias.com.br\/index.php?rest_route=%2Fwp%2Fv2%2Fmedia&parent=2071"}],"wp:term":[{"taxonomy":"category","embeddable":true,"href":"https:\/\/cafecommessias.com.br\/index.php?rest_route=%2Fwp%2Fv2%2Fcategories&post=2071"},{"taxonomy":"post_tag","embeddable":true,"href":"https:\/\/cafecommessias.com.br\/index.php?rest_route=%2Fwp%2Fv2%2Ftags&post=2071"}],"curies":[{"name":"wp","href":"https:\/\/api.w.org\/{rel}","templated":true}]}}