{"id":2096,"date":"2025-08-04T09:53:25","date_gmt":"2025-08-04T12:53:25","guid":{"rendered":"https:\/\/cafecommessias.com.br\/?p=2096"},"modified":"2025-08-04T10:12:39","modified_gmt":"2025-08-04T13:12:39","slug":"ato-contra-lula-e-moraes-reune-multidao-em-natal-2","status":"publish","type":"post","link":"https:\/\/cafecommessias.com.br\/?p=2096","title":{"rendered":"Ato contra Lula e Moraes re\u00fane multid\u00e3o em Natal"},"content":{"rendered":"\n<p>O ato realizado neste domingo (3), em Natal, a favor dos impeachments do presidente Lula da Silva (PT) e do ministro Alexandre de Moraes reuniu uma multid\u00e3o. A manifesta\u00e7\u00e3o, realizada em frente ao Midway Mall, foi liderada pelo senador Rog\u00e9rio Marinho (PL-RN) e reuniu deputados, vereadores, lideran\u00e7as pol\u00edticas e apoiadores do ex-presidente Jair Bolsonaro.<\/p>\n\n\n\n<p>Durante o evento, Rog\u00e9rio Marinho destacou a import\u00e2ncia da mobiliza\u00e7\u00e3o popular como instrumento leg\u00edtimo da democracia. \u201cNo dia contra a censura, n\u00f3s estamos em pra\u00e7a p\u00fablica por liberdade. O Brasil precisa reagir aos abusos e retrocessos. Estamos aqui para defender o respeito \u00e0 Constitui\u00e7\u00e3o e dar voz a milh\u00f5es de brasileiros indignados com os rumos do pa\u00eds\u201d, disse o senador.<\/p>\n\n\n\n<p>O ato foi marcado por faixas, cartazes e bandeiras com mensagens em defesa da democracia, da liberdade de express\u00e3o e contra o que os manifestantes classificam como persegui\u00e7\u00e3o pol\u00edtica por parte do Supremo Tribunal Federal. Rog\u00e9rio tamb\u00e9m fez cr\u00edticas \u00e0 condu\u00e7\u00e3o econ\u00f4mica do governo Lula, apontando aumento da infla\u00e7\u00e3o e perda de confian\u00e7a nos rumos do pa\u00eds.<\/p>\n\n\n\n<p>A manifesta\u00e7\u00e3o contou com as presen\u00e7as dos deputados federais General Gir\u00e3o e Sargento Gon\u00e7alves, dos deputados estaduais Tomba Farias, Gustavo Carvalho e Dr. Kerginaldo, da prefeita de Extremoz, Jussara Sales, al\u00e9m de vereadores, ex-prefeitos e lideran\u00e7as da regiPUBLICIDADE<\/p>\n\n\n\n<p class=\"has-text-align-center\"><strong><em>PUBLICIDADE<\/em><\/strong><\/p>\n\n\n\n<figure class=\"wp-block-image size-large\"><img loading=\"lazy\" decoding=\"async\" width=\"1024\" height=\"150\" src=\"https:\/\/cafecommessias.com.br\/wp-content\/uploads\/2025\/08\/expofruit-destaque-2025-28jan2025-1-1024x150.gif\" alt=\"\" class=\"wp-image-2088\" srcset=\"https:\/\/cafecommessias.com.br\/wp-content\/uploads\/2025\/08\/expofruit-destaque-2025-28jan2025-1-1024x150.gif 1024w, https:\/\/cafecommessias.com.br\/wp-content\/uploads\/2025\/08\/expofruit-destaque-2025-28jan2025-1-300x44.gif 300w, https:\/\/cafecommessias.com.br\/wp-content\/uploads\/2025\/08\/expofruit-destaque-2025-28jan2025-1-768x113.gif 768w, https:\/\/cafecommessias.com.br\/wp-content\/uploads\/2025\/08\/expofruit-destaque-2025-28jan2025-1-1536x225.gif 1536w\" sizes=\"auto, (max-width: 1024px) 100vw, 1024px\" \/><\/figure>\n","protected":false},"excerpt":{"rendered":"<p>O ato realizado neste domingo (3), em Natal, a favor dos impeachments do presidente Lula da Silva (PT) e do ministro Alexandre de Moraes reuniu uma multid\u00e3o. A manifesta\u00e7\u00e3o, realizada em frente ao Midway Mall, foi liderada pelo senador Rog\u00e9rio Marinho (PL-RN) e reuniu deputados, vereadores, lideran\u00e7as pol\u00edticas e apoiadores do ex-presidente Jair Bolsonaro. Durante&#8230;<\/p>\n","protected":false},"author":1,"featured_media":2097,"comment_status":"open","ping_status":"closed","sticky":false,"template":"","format":"standard","meta":{"footnotes":""},"categories":[6],"tags":[],"class_list":["post-2096","post","type-post","status-publish","format-standard","has-post-thumbnail","hentry","category-politica"],"_links":{"self":[{"href":"https:\/\/cafecommessias.com.br\/index.php?rest_route=\/wp\/v2\/posts\/2096","targetHints":{"allow":["GET"]}}],"collection":[{"href":"https:\/\/cafecommessias.com.br\/index.php?rest_route=\/wp\/v2\/posts"}],"about":[{"href":"https:\/\/cafecommessias.com.br\/index.php?rest_route=\/wp\/v2\/types\/post"}],"author":[{"embeddable":true,"href":"https:\/\/cafecommessias.com.br\/index.php?rest_route=\/wp\/v2\/users\/1"}],"replies":[{"embeddable":true,"href":"https:\/\/cafecommessias.com.br\/index.php?rest_route=%2Fwp%2Fv2%2Fcomments&post=2096"}],"version-history":[{"count":2,"href":"https:\/\/cafecommessias.com.br\/index.php?rest_route=\/wp\/v2\/posts\/2096\/revisions"}],"predecessor-version":[{"id":2099,"href":"https:\/\/cafecommessias.com.br\/index.php?rest_route=\/wp\/v2\/posts\/2096\/revisions\/2099"}],"wp:featuredmedia":[{"embeddable":true,"href":"https:\/\/cafecommessias.com.br\/index.php?rest_route=\/wp\/v2\/media\/2097"}],"wp:attachment":[{"href":"https:\/\/cafecommessias.com.br\/index.php?rest_route=%2Fwp%2Fv2%2Fmedia&parent=2096"}],"wp:term":[{"taxonomy":"category","embeddable":true,"href":"https:\/\/cafecommessias.com.br\/index.php?rest_route=%2Fwp%2Fv2%2Fcategories&post=2096"},{"taxonomy":"post_tag","embeddable":true,"href":"https:\/\/cafecommessias.com.br\/index.php?rest_route=%2Fwp%2Fv2%2Ftags&post=2096"}],"curies":[{"name":"wp","href":"https:\/\/api.w.org\/{rel}","templated":true}]}}