{"id":2100,"date":"2025-08-04T12:28:25","date_gmt":"2025-08-04T15:28:25","guid":{"rendered":"https:\/\/cafecommessias.com.br\/?p=2100"},"modified":"2025-08-04T12:29:05","modified_gmt":"2025-08-04T15:29:05","slug":"moraes-afirma-que-marcos-do-val-afrontou-decisao-judicial-ao-viajar-aos-eua-sem-autorizacao","status":"publish","type":"post","link":"https:\/\/cafecommessias.com.br\/?p=2100","title":{"rendered":"Moraes afirma que Marcos do Val \u2018afrontou\u2019 decis\u00e3o judicial ao viajar aos EUA sem autoriza\u00e7\u00e3o"},"content":{"rendered":"\n<p>O ministro do STF (Supremo Tribunal Federal) Alexandre de Moraes afirmou que o senador Marcos do Val afrontou uma decis\u00e3o judicial ao viajar aos EUA (Estados Unidos da Am\u00e9rica) sem autoriza\u00e7\u00e3o.<\/p>\n\n\n\n<p>Na decis\u00e3o, o ministro relembrou que o senador chegou a solicitar autoriza\u00e7\u00e3o para viajar ao exterior, mas o pedido foi negado. \u201cClaramente burlou as medidas cautelares impostas\u201d, afirmou Moraes.<\/p>\n\n\n\n<p>Ao desembarcar no aeroporto de Bras\u00edlia, nesta segunda-feira (4), o parlamentar foi abordado por agentes da Pol\u00edcia Federal, que colocaram uma tornozeleira eletr\u00f4nica em cumprimento \u00e0 determina\u00e7\u00e3o do ministro do STF.<\/p>\n\n\n\n<p>Ainda na mesma decis\u00e3o, o ministro Alexandre de Moraes relembra que o senador Marcos do Val est\u00e1 sendo investigado por suposta campanha de ataques institucionais ao STF e \u00e0 Pol\u00edcia Federal, incluindo a divulga\u00e7\u00e3o de dados pessoais de delegados envolvidos em investiga\u00e7\u00f5es.<\/p>\n\n\n\n<p>Segundo uma autoridade policial ouvida pela Corte, no dia 7 de junho de 2024, o parlamentar publicou uma postagem afirmando que esteve nos Estados Unidos \u2014 pa\u00eds onde Allan dos Santos, tamb\u00e9m investigado, teria iniciado a referida campanha.<\/p>\n\n\n\n<p>Durante a viagem, Marcos do Val teria tido acesso a nomes e dados de policiais federais que atuam em inqu\u00e9ritos em curso no Supremo Tribunal Federal, sobre os quais alegou possuir um amplo dossi\u00ea envolvendo o suposto cometimento de crimes, por estarem cumprindo ordens da Corte.<\/p>\n\n\n\n<p><sub>Por R7<\/sub><\/p>\n\n\n\n<p class=\"has-text-align-center\"><strong><em>PUBLICIDADE<\/em><\/strong><\/p>\n\n\n\n<figure class=\"wp-block-image size-large\"><img loading=\"lazy\" decoding=\"async\" width=\"1024\" height=\"158\" src=\"https:\/\/cafecommessias.com.br\/wp-content\/uploads\/2025\/08\/1300x200-1024x158.gif\" alt=\"\" class=\"wp-image-2101\" srcset=\"https:\/\/cafecommessias.com.br\/wp-content\/uploads\/2025\/08\/1300x200-1024x158.gif 1024w, https:\/\/cafecommessias.com.br\/wp-content\/uploads\/2025\/08\/1300x200-300x46.gif 300w, https:\/\/cafecommessias.com.br\/wp-content\/uploads\/2025\/08\/1300x200-768x118.gif 768w\" sizes=\"auto, (max-width: 1024px) 100vw, 1024px\" \/><\/figure>\n","protected":false},"excerpt":{"rendered":"<p>O ministro do STF (Supremo Tribunal Federal) Alexandre de Moraes afirmou que o senador Marcos do Val afrontou uma decis\u00e3o judicial ao viajar aos EUA (Estados Unidos da Am\u00e9rica) sem autoriza\u00e7\u00e3o. Na decis\u00e3o, o ministro relembrou que o senador chegou a solicitar autoriza\u00e7\u00e3o para viajar ao exterior, mas o pedido foi negado. \u201cClaramente burlou as&#8230;<\/p>\n","protected":false},"author":1,"featured_media":2102,"comment_status":"open","ping_status":"closed","sticky":false,"template":"","format":"standard","meta":{"footnotes":""},"categories":[3],"tags":[],"class_list":["post-2100","post","type-post","status-publish","format-standard","has-post-thumbnail","hentry","category-geral"],"_links":{"self":[{"href":"https:\/\/cafecommessias.com.br\/index.php?rest_route=\/wp\/v2\/posts\/2100","targetHints":{"allow":["GET"]}}],"collection":[{"href":"https:\/\/cafecommessias.com.br\/index.php?rest_route=\/wp\/v2\/posts"}],"about":[{"href":"https:\/\/cafecommessias.com.br\/index.php?rest_route=\/wp\/v2\/types\/post"}],"author":[{"embeddable":true,"href":"https:\/\/cafecommessias.com.br\/index.php?rest_route=\/wp\/v2\/users\/1"}],"replies":[{"embeddable":true,"href":"https:\/\/cafecommessias.com.br\/index.php?rest_route=%2Fwp%2Fv2%2Fcomments&post=2100"}],"version-history":[{"count":1,"href":"https:\/\/cafecommessias.com.br\/index.php?rest_route=\/wp\/v2\/posts\/2100\/revisions"}],"predecessor-version":[{"id":2103,"href":"https:\/\/cafecommessias.com.br\/index.php?rest_route=\/wp\/v2\/posts\/2100\/revisions\/2103"}],"wp:featuredmedia":[{"embeddable":true,"href":"https:\/\/cafecommessias.com.br\/index.php?rest_route=\/wp\/v2\/media\/2102"}],"wp:attachment":[{"href":"https:\/\/cafecommessias.com.br\/index.php?rest_route=%2Fwp%2Fv2%2Fmedia&parent=2100"}],"wp:term":[{"taxonomy":"category","embeddable":true,"href":"https:\/\/cafecommessias.com.br\/index.php?rest_route=%2Fwp%2Fv2%2Fcategories&post=2100"},{"taxonomy":"post_tag","embeddable":true,"href":"https:\/\/cafecommessias.com.br\/index.php?rest_route=%2Fwp%2Fv2%2Ftags&post=2100"}],"curies":[{"name":"wp","href":"https:\/\/api.w.org\/{rel}","templated":true}]}}