{"id":2104,"date":"2025-08-04T12:31:58","date_gmt":"2025-08-04T15:31:58","guid":{"rendered":"https:\/\/cafecommessias.com.br\/?p=2104"},"modified":"2025-08-04T12:32:40","modified_gmt":"2025-08-04T15:32:40","slug":"igor-cabral-solta-nota-a-imprensa-e-afirma-que-para-juliana-envio-minhas-oracoes-e-meu-mais-genuino-respeito","status":"publish","type":"post","link":"https:\/\/cafecommessias.com.br\/?p=2104","title":{"rendered":"Igor Cabral solta nota \u00e0 imprensa e afirma que para Juliana \u201cenvio minhas ora\u00e7\u00f5es e meu mais genu\u00edno respeito\u201d"},"content":{"rendered":"\n<p>Em nota enviada \u00e0 imprensa, Igor Cabral, que agrediu sua ent\u00e3o namorada com mais de 60 socos e chocou o Brasil, manifesta arrependimento pelos acontecimentos que causaram sofrimento especialmente a Juliana, sua filha, sua fam\u00edlia e seus pr\u00f3prios pais.<\/p>\n\n\n\n<p>\u201cLamento profundamente que minha conduta, influenciada por um contexto de uso de subst\u00e2ncias e instabilidade emocional, tenha contribu\u00eddo para essa situa\u00e7\u00e3o\u201d, diz em um trecho.<\/p>\n\n\n\n<p><strong>Confira na \u00edntegra:<\/strong><\/p>\n\n\n\n<p>NOTA \u00c0 IMPRENSA E \u00c0 SOCIEDADE<\/p>\n\n\n\n<p><em>Eu, Igor Eduardo P. Cabral, venho com profundo respeito, me manifestar diante dos acontecimentos recentes que abalaram tantas pessoas. Reconhe\u00e7o que houve dor, ang\u00fastia e sofrimento, especialmente para Juliana, sua filha, sua fam\u00edlia, bem como para os meus pais e demais entes queridos.<\/em><\/p>\n\n\n\n<p><em>Lamento profundamente que minha conduta, influenciada por um contexto de uso de subst\u00e2ncias e instabilidade emocional, tenha contribu\u00eddo para essa situa\u00e7\u00e3o. Embora as circunst\u00e2ncias ainda estejam sendo apuradas, sinto a necessidade sincera de expressar meu pedido de perd\u00e3o a todos que, de alguma forma, foram afetados.<\/em><\/p>\n\n\n\n<p><em>N\u00e3o tenho inten\u00e7\u00e3o de justificar nada, tampouco minimizar o impacto dos fatos. Apenas desejo que Juliana consiga encontrar for\u00e7a para seguir em frente, com serenidade, coragem e paz. A ela, sua filha e sua fam\u00edlia, envio minhas ora\u00e7\u00f5es e meu mais genu\u00edno respeito.<\/em><\/p>\n\n\n\n<p><em>Enfrento o momento atual com humildade e esperan\u00e7a de que, com o tempo, todos os envolvidos possam encontrar caminhos de cura, reflex\u00e3o e recome\u00e7o.<\/em><\/p>\n\n\n\n<p><em>Com arrependimento e respeito,<\/em><\/p>\n\n\n\n<p><em>Igor Eduardo P. Cabral<\/em><\/p>\n\n\n\n<p><\/p>\n","protected":false},"excerpt":{"rendered":"<p>Em nota enviada \u00e0 imprensa, Igor Cabral, que agrediu sua ent\u00e3o namorada com mais de 60 socos e chocou o Brasil, manifesta arrependimento pelos acontecimentos que causaram sofrimento especialmente a Juliana, sua filha, sua fam\u00edlia e seus pr\u00f3prios pais. \u201cLamento profundamente que minha conduta, influenciada por um contexto de uso de subst\u00e2ncias e instabilidade emocional,&#8230;<\/p>\n","protected":false},"author":1,"featured_media":0,"comment_status":"open","ping_status":"closed","sticky":false,"template":"","format":"standard","meta":{"footnotes":""},"categories":[3],"tags":[],"class_list":["post-2104","post","type-post","status-publish","format-standard","hentry","category-geral"],"_links":{"self":[{"href":"https:\/\/cafecommessias.com.br\/index.php?rest_route=\/wp\/v2\/posts\/2104","targetHints":{"allow":["GET"]}}],"collection":[{"href":"https:\/\/cafecommessias.com.br\/index.php?rest_route=\/wp\/v2\/posts"}],"about":[{"href":"https:\/\/cafecommessias.com.br\/index.php?rest_route=\/wp\/v2\/types\/post"}],"author":[{"embeddable":true,"href":"https:\/\/cafecommessias.com.br\/index.php?rest_route=\/wp\/v2\/users\/1"}],"replies":[{"embeddable":true,"href":"https:\/\/cafecommessias.com.br\/index.php?rest_route=%2Fwp%2Fv2%2Fcomments&post=2104"}],"version-history":[{"count":1,"href":"https:\/\/cafecommessias.com.br\/index.php?rest_route=\/wp\/v2\/posts\/2104\/revisions"}],"predecessor-version":[{"id":2105,"href":"https:\/\/cafecommessias.com.br\/index.php?rest_route=\/wp\/v2\/posts\/2104\/revisions\/2105"}],"wp:attachment":[{"href":"https:\/\/cafecommessias.com.br\/index.php?rest_route=%2Fwp%2Fv2%2Fmedia&parent=2104"}],"wp:term":[{"taxonomy":"category","embeddable":true,"href":"https:\/\/cafecommessias.com.br\/index.php?rest_route=%2Fwp%2Fv2%2Fcategories&post=2104"},{"taxonomy":"post_tag","embeddable":true,"href":"https:\/\/cafecommessias.com.br\/index.php?rest_route=%2Fwp%2Fv2%2Ftags&post=2104"}],"curies":[{"name":"wp","href":"https:\/\/api.w.org\/{rel}","templated":true}]}}