{"id":2111,"date":"2025-08-04T22:11:20","date_gmt":"2025-08-05T01:11:20","guid":{"rendered":"https:\/\/cafecommessias.com.br\/?p=2111"},"modified":"2025-08-04T22:26:21","modified_gmt":"2025-08-05T01:26:21","slug":"moraes-decreta-prisao-domiciliar-de-bolsonaro","status":"publish","type":"post","link":"https:\/\/cafecommessias.com.br\/?p=2111","title":{"rendered":"Moraes decreta pris\u00e3o domiciliar de Bolsonaro"},"content":{"rendered":"\n<p>PF cumpre busca e apreens\u00e3o na casa do ex-presidente e apreendeu seu celular<\/p>\n\n\n\n<p>O ministro\u00a0<strong>Alexandre de Moraes<\/strong>, do\u00a0<strong>STF (Supremo Tribunal Federal)<\/strong>, decretou nesta segunda-feira (4) a pris\u00e3o domiciliar do ex-presidente\u00a0<strong>Jair Bolsonaro<\/strong>\u00a0(PL).<\/p>\n\n\n\n<p>Na decis\u00e3o, o ministro argumentou que o ex-presidente tem feito &#8220;reiterado descumprimento das medidas cautelares&#8221;.<\/p>\n\n\n\n<p>Segundo a decis\u00e3o, Bolsonaro est\u00e1 proibido de receber visitas, com exce\u00e7\u00e3o de seus advogados, podendo apenas ter contato com pessoas autorizadas pelo Supremo.<\/p>\n\n\n\n<p>O ex-presidente ainda est\u00e1 proibido de usar o celular, direta ou indiretamente, por interm\u00e9dio de terceiros. No \u00faltimo domingo (3), o senador Fl\u00e1vio Bolsonaro (PL-RJ)\u00a0fez uma chamada de v\u00eddeo de Bolsonaro na manifesta\u00e7\u00e3o em Copacabana, no Rio de Janeiro.<\/p>\n\n\n\n<p>Moraes ainda reafirma na decis\u00e3o que\u00a0manteve as cautelares\u00a0em proibir o ex-presidente de ter contato com embaixadores e se aproximar de embaixadas ou autoridades estrangeiras. Al\u00e9m manter a proibi\u00e7\u00e3o do uso das redes sociais.<\/p>\n\n\n\n<p>&#8220;O descumprimento das regras da pris\u00e3o domiciliar ou qualquer uma das medidas cautelares implicar\u00e1 na sua revoga\u00e7\u00e3o e na decreta\u00e7\u00e3o imediata da pris\u00e3o preventiva, nos termos do art. 312, 1\u00ba, do C\u00f3digo de Processo Penal&#8221;, ressalta o ministro.<\/p>\n\n\n\n<p>A\u00a0PF (Policia Federal) cumpriu busca e apreens\u00e3o na casa do ex-presidente e apreendeu seu celular.<\/p>\n\n\n\n<p>Em nota, a defesa disse que\u00a0&#8220;foi surpreendida com a decreta\u00e7\u00e3o de pris\u00e3o domiciliar, tendo em vista que o ex-presidente Jair Bolsonaro n\u00e3o descumpriu qualquer medida&#8221;.<\/p>\n\n\n\n<p>&#8220;Cabe lembrar que na \u00faltima decis\u00e3o constou expressamente que \u201cem momento algum Jair Messias Bolsonaro foi proibido de conceder entrevistas ou proferir discursos em eventos p\u00fablicos\u201d. Ele seguiu rigorosamente essa determina\u00e7\u00e3o&#8221;, prosseguiu.<\/p>\n\n\n\n<p>&#8220;A frase \u201cBoa tarde, Copacabana. Boa tarde meu Brasil. Um abra\u00e7o a todos. \u00c9 pela nossa liberdade. Estamos juntos\u201d n\u00e3o pode ser compreendida como descumprimento de medida cautelar, nem como ato criminoso&#8221;, finalizou o posicionamento assinado pelos advogados Celso Vilardi, Paulo Amador da Cunha Bueno e Daniel Tesser.<\/p>\n\n\n\n<p><sub>por CNN, Bras\u00edlia e S\u00e3o Paulo<\/sub><\/p>\n","protected":false},"excerpt":{"rendered":"<p>PF cumpre busca e apreens\u00e3o na casa do ex-presidente e apreendeu seu celular O ministro\u00a0Alexandre de Moraes, do\u00a0STF (Supremo Tribunal Federal), decretou nesta segunda-feira (4) a pris\u00e3o domiciliar do ex-presidente\u00a0Jair Bolsonaro\u00a0(PL). Na decis\u00e3o, o ministro argumentou que o ex-presidente tem feito &#8220;reiterado descumprimento das medidas cautelares&#8221;. Segundo a decis\u00e3o, Bolsonaro est\u00e1 proibido de receber visitas,&#8230;<\/p>\n","protected":false},"author":1,"featured_media":2113,"comment_status":"open","ping_status":"open","sticky":false,"template":"","format":"standard","meta":{"footnotes":""},"categories":[3,6],"tags":[],"class_list":["post-2111","post","type-post","status-publish","format-standard","has-post-thumbnail","hentry","category-geral","category-politica"],"_links":{"self":[{"href":"https:\/\/cafecommessias.com.br\/index.php?rest_route=\/wp\/v2\/posts\/2111","targetHints":{"allow":["GET"]}}],"collection":[{"href":"https:\/\/cafecommessias.com.br\/index.php?rest_route=\/wp\/v2\/posts"}],"about":[{"href":"https:\/\/cafecommessias.com.br\/index.php?rest_route=\/wp\/v2\/types\/post"}],"author":[{"embeddable":true,"href":"https:\/\/cafecommessias.com.br\/index.php?rest_route=\/wp\/v2\/users\/1"}],"replies":[{"embeddable":true,"href":"https:\/\/cafecommessias.com.br\/index.php?rest_route=%2Fwp%2Fv2%2Fcomments&post=2111"}],"version-history":[{"count":1,"href":"https:\/\/cafecommessias.com.br\/index.php?rest_route=\/wp\/v2\/posts\/2111\/revisions"}],"predecessor-version":[{"id":2114,"href":"https:\/\/cafecommessias.com.br\/index.php?rest_route=\/wp\/v2\/posts\/2111\/revisions\/2114"}],"wp:featuredmedia":[{"embeddable":true,"href":"https:\/\/cafecommessias.com.br\/index.php?rest_route=\/wp\/v2\/media\/2113"}],"wp:attachment":[{"href":"https:\/\/cafecommessias.com.br\/index.php?rest_route=%2Fwp%2Fv2%2Fmedia&parent=2111"}],"wp:term":[{"taxonomy":"category","embeddable":true,"href":"https:\/\/cafecommessias.com.br\/index.php?rest_route=%2Fwp%2Fv2%2Fcategories&post=2111"},{"taxonomy":"post_tag","embeddable":true,"href":"https:\/\/cafecommessias.com.br\/index.php?rest_route=%2Fwp%2Fv2%2Ftags&post=2111"}],"curies":[{"name":"wp","href":"https:\/\/api.w.org\/{rel}","templated":true}]}}