{"id":2115,"date":"2025-08-04T22:24:12","date_gmt":"2025-08-05T01:24:12","guid":{"rendered":"https:\/\/cafecommessias.com.br\/?p=2115"},"modified":"2025-08-04T22:27:22","modified_gmt":"2025-08-05T01:27:22","slug":"defesa-diz-que-bolsonaro-nao-descumpriu-decisao-de-moraes-e-que-fala-em-manifestacao-nao-e-ato-criminoso","status":"publish","type":"post","link":"https:\/\/cafecommessias.com.br\/?p=2115","title":{"rendered":"Defesa diz que Bolsonaro n\u00e3o descumpriu decis\u00e3o de Moraes e que fala em manifesta\u00e7\u00e3o n\u00e3o \u00e9 &#8216;ato criminoso&#8217;"},"content":{"rendered":"\n<p>Jair Bolsonaro teve a pris\u00e3o domiciliar decretada pelo ministro Alexandre de Moraes, do STF, depois que o ex-presidente descumpriu a ordem de n\u00e3o postar em redes sociais.<\/p>\n\n\n\n<p>A defesa do ex-presidente&nbsp;Jair Bolsonaro&nbsp;(PL) afirmou nesta segunda-feira (4) que Bolsonaro n\u00e3o descumpriu medida cautelar e que fala em manifesta\u00e7\u00e3o n\u00e3o \u00e9 &#8220;ato criminoso&#8221;.&nbsp;Jair Bolsonaro teve a pris\u00e3o domiciliar decretada nesta segunda pelo ministro Alexandre de Moraes, do Supremo Tribunal Federal (STF).<\/p>\n\n\n\n<p>O ex-presidente foi preso por descumprir decis\u00e3o de Moraes de n\u00e3o utilizar redes sociais pr\u00f3prias ou por meio de terceiros. H\u00e1 10 dias, Moraes imp\u00f4s medidas restritivas a Bolsonaro no&nbsp;inqu\u00e9rito que investiga a atua\u00e7\u00e3o do deputado Eduardo Bolsonaro (PL-SP), seu filho, contra institui\u00e7\u00f5es brasileiras nos Estados Unidos.<\/p>\n\n\n\n<p><strong>&#8220;A frase \u201cBoa tarde, Copacabana. Boa tarde meu Brasil. Um abra\u00e7o a todos. \u00c9 pela nossa liberdade. Estamos juntos\u201d n\u00e3o pode ser compreendida como descumprimento de medida cautelar, nem como ato criminoso&#8221;, afirmou a defesa de Bolsonaro.<\/strong><\/p>\n\n\n\n<p class=\"has-text-align-center\"><strong><em>PUBLICIDADE<\/em><\/strong><\/p>\n\n\n\n<figure class=\"wp-block-image size-large\"><img loading=\"lazy\" decoding=\"async\" width=\"1024\" height=\"150\" src=\"https:\/\/cafecommessias.com.br\/wp-content\/uploads\/2025\/08\/expofruit-destaque-2025-28jan2025-1-1024x150.gif\" alt=\"\" class=\"wp-image-2088\" srcset=\"https:\/\/cafecommessias.com.br\/wp-content\/uploads\/2025\/08\/expofruit-destaque-2025-28jan2025-1-1024x150.gif 1024w, https:\/\/cafecommessias.com.br\/wp-content\/uploads\/2025\/08\/expofruit-destaque-2025-28jan2025-1-300x44.gif 300w, https:\/\/cafecommessias.com.br\/wp-content\/uploads\/2025\/08\/expofruit-destaque-2025-28jan2025-1-768x113.gif 768w, https:\/\/cafecommessias.com.br\/wp-content\/uploads\/2025\/08\/expofruit-destaque-2025-28jan2025-1-1536x225.gif 1536w\" sizes=\"auto, (max-width: 1024px) 100vw, 1024px\" \/><\/figure>\n\n\n\n<p>Al\u00e9m da pris\u00e3o domiciliar, Moraes proibiu visitas e mandou apreender celulares na casa do ex-presidente. A Pol\u00edcia Federal fez buscas no local e recolheu um aparelho.<\/p>\n\n\n\n<p>Na decis\u00e3o, Moraes afirma que Bolsonaro utilizou redes sociais de aliados \u2013 incluindo seus tr\u00eas filhos parlamentares \u2013 para divulgar mensagens com \u201cclaro conte\u00fado de incentivo e instiga\u00e7\u00e3o a ataques ao Supremo Tribunal Federal e apoio ostensivo \u00e0 interven\u00e7\u00e3o estrangeira no Poder Judici\u00e1rio brasileiro\u201d.<\/p>\n\n\n\n<p>Uma dessas postagens ocorreu no domingo (3) na conta do filho e senador, Fl\u00e1vio Bolsonaro&nbsp;(PL-RJ), para repercutir atos a favor de Bolsonaro em cidades do pa\u00eds.<\/p>\n\n\n\n<p>Na decis\u00e3o,&nbsp;Moraes afirma que Bolsonaro utilizou redes sociais de aliados \u2013 incluindo seus tr\u00eas filhos parlamentares \u2013 para divulgar mensagens com \u201cclaro conte\u00fado de incentivo e instiga\u00e7\u00e3o a ataques ao Supremo Tribunal Federal e apoio ostensivo \u00e0 interven\u00e7\u00e3o estrangeira no Poder Judici\u00e1rio brasileiro\u201d.<\/p>\n\n\n\n<p>Os advogados de Bolsonaro afirmaram que foram surpreendidos com a decreta\u00e7\u00e3o da pris\u00e3o domiciliar e que o ex-presidente seguiu rigorosamente a decis\u00e3o anterior de Moraes.<\/p>\n\n\n\n<blockquote class=\"wp-block-quote is-layout-flow wp-block-quote-is-layout-flow\">\n<p>&#8220;Cabe lembrar que na \u00faltima decis\u00e3o constou expressamente que \u201cem momento algum Jair Messias Bolsonaro foi proibido de conceder entrevistas ou proferir discursos em eventos p\u00fablicos\u201d. Ele seguiu rigorosamente essa determina\u00e7\u00e3o&#8221;, disseram os advogados.<\/p>\n<\/blockquote>\n\n\n\n<h4 class=\"wp-block-heading\">Descumprimento de medidas<\/h4>\n\n\n\n<p>O ministro Alexandre de Moraes j\u00e1 havia negado a pris\u00e3o preventiva ap\u00f3s Bolsonaro descumprir medidas cautelares. Na decis\u00e3o de 24 de julho, Moraes disse que o ex-presidente cometeu uma &#8220;irregularidade isolada&#8221; e que, por isso, n\u00e3o cabia decretar pris\u00e3o preventiva.<\/p>\n\n\n\n<p><strong>&#8220;Por se tratar de irregularidade isolada, sem not\u00edcias de outros descumprimentos at\u00e9 o momento, bem como das alega\u00e7\u00f5es da defesa de Jair Messias Bolsonaro da &#8216;aus\u00eancia de inten\u00e7\u00e3o de faz\u00ea-lo, tanto que vem observando rigorosamente as regras de recolhimento impostas&#8217;, deixo de converter as medidas cautelares em pris\u00e3o preventiva, advertindo ao r\u00e9u, entretanto, que, se houver novo descumprimento, a convers\u00e3o ser\u00e1 imediata&#8221;, escreveu o ministro \u00e0 \u00e9poca.<\/strong><\/p>\n\n\n\n<p>A manifesta\u00e7\u00e3o de Moraes, relator do caso, ocorreu em resposta \u00e0s alega\u00e7\u00f5es da defesa de Bolsonaro, enviadas ao Supremo a pedido do pr\u00f3prio ministro.<\/p>\n\n\n\n<p>Os advogados do ex-presidente foram convocados a esclarecer a publica\u00e7\u00e3o de trechos de discurso do ex-presidente em ida \u00e0 C\u00e2mara serem publicados na internet. No discurso, Bolsonaro disse que usar tornozeleira era a &#8220;m\u00e1xima humilha\u00e7\u00e3o&#8221;.<\/p>\n\n\n\n<p><strong>Leia a \u00edntegra da nota da defesa:<\/strong><\/p>\n\n\n\n<p><em>&#8220;A defesa foi surpreendida com a decreta\u00e7\u00e3o de pris\u00e3o domiciliar, tendo em vista que o ex-presidente Jair Bolsonaro n\u00e3o descumpriu qualquer medida.<\/em><\/p>\n\n\n\n<p><em>Cabe lembrar que na \u00faltima decis\u00e3o constou expressamente que \u201cem momento algum Jair Messias Bolsonaro foi proibido de conceder entrevistas ou proferir discursos em eventos p\u00fablicos\u201d. Ele seguiu rigorosamente essa determina\u00e7\u00e3o.<\/em><\/p>\n\n\n\n<p><em>A frase \u201cBoa tarde, Copacabana. Boa tarde meu Brasil. Um abra\u00e7o a todos. \u00c9 pela nossa liberdade. Estamos juntos\u201d n\u00e3o pode ser compreendida como descumprimento de medida cautelar, nem como ato criminoso.<\/em><\/p>\n\n\n\n<p><em>A defesa apresentar\u00e1 o recurso cab\u00edvel.<\/em><\/p>\n\n\n\n<p><em>Celso Vilardi, Paulo Amador da Cunha Bueno, Daniel Tesser&#8221;<\/em><\/p>\n\n\n\n<p><sub>por g1<\/sub><\/p>\n\n\n\n<p><\/p>\n","protected":false},"excerpt":{"rendered":"<p>Jair Bolsonaro teve a pris\u00e3o domiciliar decretada pelo ministro Alexandre de Moraes, do STF, depois que o ex-presidente descumpriu a ordem de n\u00e3o postar em redes sociais. A defesa do ex-presidente&nbsp;Jair Bolsonaro&nbsp;(PL) afirmou nesta segunda-feira (4) que Bolsonaro n\u00e3o descumpriu medida cautelar e que fala em manifesta\u00e7\u00e3o n\u00e3o \u00e9 &#8220;ato criminoso&#8221;.&nbsp;Jair Bolsonaro teve a pris\u00e3o&#8230;<\/p>\n","protected":false},"author":1,"featured_media":2116,"comment_status":"open","ping_status":"open","sticky":false,"template":"","format":"standard","meta":{"footnotes":""},"categories":[4,3],"tags":[],"class_list":["post-2115","post","type-post","status-publish","format-standard","has-post-thumbnail","hentry","category-anuncie-aqui","category-geral"],"_links":{"self":[{"href":"https:\/\/cafecommessias.com.br\/index.php?rest_route=\/wp\/v2\/posts\/2115","targetHints":{"allow":["GET"]}}],"collection":[{"href":"https:\/\/cafecommessias.com.br\/index.php?rest_route=\/wp\/v2\/posts"}],"about":[{"href":"https:\/\/cafecommessias.com.br\/index.php?rest_route=\/wp\/v2\/types\/post"}],"author":[{"embeddable":true,"href":"https:\/\/cafecommessias.com.br\/index.php?rest_route=\/wp\/v2\/users\/1"}],"replies":[{"embeddable":true,"href":"https:\/\/cafecommessias.com.br\/index.php?rest_route=%2Fwp%2Fv2%2Fcomments&post=2115"}],"version-history":[{"count":2,"href":"https:\/\/cafecommessias.com.br\/index.php?rest_route=\/wp\/v2\/posts\/2115\/revisions"}],"predecessor-version":[{"id":2118,"href":"https:\/\/cafecommessias.com.br\/index.php?rest_route=\/wp\/v2\/posts\/2115\/revisions\/2118"}],"wp:featuredmedia":[{"embeddable":true,"href":"https:\/\/cafecommessias.com.br\/index.php?rest_route=\/wp\/v2\/media\/2116"}],"wp:attachment":[{"href":"https:\/\/cafecommessias.com.br\/index.php?rest_route=%2Fwp%2Fv2%2Fmedia&parent=2115"}],"wp:term":[{"taxonomy":"category","embeddable":true,"href":"https:\/\/cafecommessias.com.br\/index.php?rest_route=%2Fwp%2Fv2%2Fcategories&post=2115"},{"taxonomy":"post_tag","embeddable":true,"href":"https:\/\/cafecommessias.com.br\/index.php?rest_route=%2Fwp%2Fv2%2Ftags&post=2115"}],"curies":[{"name":"wp","href":"https:\/\/api.w.org\/{rel}","templated":true}]}}