{"id":2119,"date":"2025-08-04T22:29:51","date_gmt":"2025-08-05T01:29:51","guid":{"rendered":"https:\/\/cafecommessias.com.br\/?p=2119"},"modified":"2025-08-04T22:30:01","modified_gmt":"2025-08-05T01:30:01","slug":"rogerio-marinho-reage-a-prisao-de-bolsonaro-e-pede-impeachment-de-alexandre-de-moraes","status":"publish","type":"post","link":"https:\/\/cafecommessias.com.br\/?p=2119","title":{"rendered":"Rog\u00e9rio Marinho reage \u00e0 pris\u00e3o de Bolsonaro e pede impeachment de Alexandre de Moraes"},"content":{"rendered":"\n<p>Ap\u00f3s a\u00a0determina\u00e7\u00e3o do ministro Alexandre de Moraes, do Supremo Tribunal Federal (STF), que colocou o ex-presidente Jair Bolsonaro em pris\u00e3o domiciliar, o senador Rog\u00e9rio Marinho (PL-RN), l\u00edder da oposi\u00e7\u00e3o no Senado, divulgou uma nota oficial com duras cr\u00edticas \u00e0 decis\u00e3o e ao pr\u00f3prio magistrado.<\/p>\n\n\n\n<p>No texto, Marinho classificou a medida como \u201cmais um abuso\u201d do ministro do STF e sugeriu que a decis\u00e3o seria uma \u201ccortina de fuma\u00e7a\u201d para abafar den\u00fancias divulgadas pela imprensa sobre supostos abusos do pr\u00f3prio Moraes. Segundo o senador, a pris\u00e3o de Bolsonaro, a quem ele chama de \u201co maior l\u00edder pol\u00edtico da hist\u00f3ria do Brasil\u201d, n\u00e3o \u00e9 uma coincid\u00eancia, mas uma retalia\u00e7\u00e3o pol\u00edtica.<\/p>\n\n\n\n<p>\u201cVivemos h\u00e1 anos sob uma jurisprud\u00eancia de exce\u00e7\u00f5es, marcada pela relativiza\u00e7\u00e3o de garantias fundamentais: ju\u00edzo natural, devido processo legal, contradit\u00f3rio, ampla defesa, direitos da advocacia e inviolabilidade dos mandatos parlamentares\u201d, afirmou o senador.<\/p>\n\n\n\n<p>Marinho ainda criticou o fato de o processo contra Bolsonaro ter como base uma \u00fanica dela\u00e7\u00e3o premiada e sustentou que o ex-presidente est\u00e1 sendo punido por \u201ccrime de opini\u00e3o\u201d.<\/p>\n\n\n\n<p>A nota termina com um apelo aos parlamentares: \u201cN\u00e3o aceitaremos mais esse Estado de exce\u00e7\u00e3o. Conclamamos todos os Senadores da Rep\u00fablica a honrarem seus mandatos. Basta de arb\u00edtrio. Fora, Alexandre de Moraes. Impeachment j\u00e1!\u201d<\/p>\n\n\n\n<p>Al\u00e9m de pedir o impeachment do ministro, Marinho usou termos como \u201cabuso de poder\u201d, \u201cvingan\u00e7a n\u00e3o \u00e9 justi\u00e7a\u201d e \u201cBrasil ref\u00e9m\u201d para descrever o momento pol\u00edtico.<\/p>\n\n\n\n<p><strong>Leia a nota na \u00edntegra:<\/strong><\/p>\n\n\n\n<p>NOTA OFICIAL<\/p>\n\n\n\n<p><em>No mesmo dia em que a Vaza Toga revela novos abusos de Alexandre de Moraes, o ministro volta a se exceder e decreta a pris\u00e3o de Jair Bolsonaro \u2014 o maior l\u00edder pol\u00edtico da hist\u00f3ria do Brasil. Coincid\u00eancia? Evidente que n\u00e3o. Trata-se de uma cortina de fuma\u00e7a para abafar as den\u00fancias trazidas pelas reportagens investigativas.<\/em><\/p>\n\n\n\n<p><em>Vivemos h\u00e1 anos sob uma jurisprud\u00eancia de exce\u00e7\u00f5es, marcada pela relativiza\u00e7\u00e3o de garantias fundamentais: ju\u00edzo natural, devido processo legal, contradit\u00f3rio, ampla defesa, direitos da advocacia e inviolabilidade dos mandatos parlamentares.<\/em><\/p>\n\n\n\n<p><em>Bolsonaro \u00e9 alvo de um processo baseado em uma \u00fanica dela\u00e7\u00e3o premiada e tem sua liberdade cerceada por crime de opini\u00e3o.<\/em><\/p>\n\n\n\n<p><em>N\u00e3o aceitaremos mais esse Estado de exce\u00e7\u00e3o. Conclamamos todos os Senadores da Rep\u00fablica a honrarem seus mandatos.<\/em><\/p>\n\n\n\n<p><em>Basta de arb\u00edtrio. Fora, Alexandre de Moraes. Impeachment j\u00e1!<\/em><\/p>\n\n\n\n<p><em>Vingan\u00e7a n\u00e3o \u00e9 justi\u00e7a.<br>Abuso de poder.<br>Impeachment Moraes.<br>Brasil ref\u00e9m.<\/em><\/p>\n\n\n\n<p><em>Senador Rog\u00e9rio Marinho (PL\/RN)<br>L\u00edder da Oposi\u00e7\u00e3o<\/em><\/p>\n\n\n\n<p><sub>por Reda\u00e7\u00e3o Tribuna do Norte<\/sub><\/p>\n\n\n\n<p><\/p>\n","protected":false},"excerpt":{"rendered":"<p>Ap\u00f3s a\u00a0determina\u00e7\u00e3o do ministro Alexandre de Moraes, do Supremo Tribunal Federal (STF), que colocou o ex-presidente Jair Bolsonaro em pris\u00e3o domiciliar, o senador Rog\u00e9rio Marinho (PL-RN), l\u00edder da oposi\u00e7\u00e3o no Senado, divulgou uma nota oficial com duras cr\u00edticas \u00e0 decis\u00e3o e ao pr\u00f3prio magistrado. No texto, Marinho classificou a medida como \u201cmais um abuso\u201d do&#8230;<\/p>\n","protected":false},"author":1,"featured_media":2120,"comment_status":"open","ping_status":"open","sticky":false,"template":"","format":"standard","meta":{"footnotes":""},"categories":[6],"tags":[],"class_list":["post-2119","post","type-post","status-publish","format-standard","has-post-thumbnail","hentry","category-politica"],"_links":{"self":[{"href":"https:\/\/cafecommessias.com.br\/index.php?rest_route=\/wp\/v2\/posts\/2119","targetHints":{"allow":["GET"]}}],"collection":[{"href":"https:\/\/cafecommessias.com.br\/index.php?rest_route=\/wp\/v2\/posts"}],"about":[{"href":"https:\/\/cafecommessias.com.br\/index.php?rest_route=\/wp\/v2\/types\/post"}],"author":[{"embeddable":true,"href":"https:\/\/cafecommessias.com.br\/index.php?rest_route=\/wp\/v2\/users\/1"}],"replies":[{"embeddable":true,"href":"https:\/\/cafecommessias.com.br\/index.php?rest_route=%2Fwp%2Fv2%2Fcomments&post=2119"}],"version-history":[{"count":2,"href":"https:\/\/cafecommessias.com.br\/index.php?rest_route=\/wp\/v2\/posts\/2119\/revisions"}],"predecessor-version":[{"id":2122,"href":"https:\/\/cafecommessias.com.br\/index.php?rest_route=\/wp\/v2\/posts\/2119\/revisions\/2122"}],"wp:featuredmedia":[{"embeddable":true,"href":"https:\/\/cafecommessias.com.br\/index.php?rest_route=\/wp\/v2\/media\/2120"}],"wp:attachment":[{"href":"https:\/\/cafecommessias.com.br\/index.php?rest_route=%2Fwp%2Fv2%2Fmedia&parent=2119"}],"wp:term":[{"taxonomy":"category","embeddable":true,"href":"https:\/\/cafecommessias.com.br\/index.php?rest_route=%2Fwp%2Fv2%2Fcategories&post=2119"},{"taxonomy":"post_tag","embeddable":true,"href":"https:\/\/cafecommessias.com.br\/index.php?rest_route=%2Fwp%2Fv2%2Ftags&post=2119"}],"curies":[{"name":"wp","href":"https:\/\/api.w.org\/{rel}","templated":true}]}}