{"id":2132,"date":"2025-08-05T10:47:28","date_gmt":"2025-08-05T13:47:28","guid":{"rendered":"https:\/\/cafecommessias.com.br\/?p=2132"},"modified":"2025-08-05T11:05:29","modified_gmt":"2025-08-05T14:05:29","slug":"vice-secretario-dos-eua-critica-domiciliar-de-bolsonaro-ditadura-judicial","status":"publish","type":"post","link":"https:\/\/cafecommessias.com.br\/?p=2132","title":{"rendered":"Vice-secret\u00e1rio dos EUA critica domiciliar de Bolsonaro: Ditadura judicial"},"content":{"rendered":"\n<p>Christopher Landau afirmou que ex-presidente foi preso por criticar Alexandre de Moraes<\/p>\n\n\n\n<p>O vice-secret\u00e1rio de Estados dos EUA, Christopher Landau, fez uma publica\u00e7\u00e3o na rede social X criticando a ordem do&nbsp;<strong>ministro do STF (Supremo Tribunal Federal), Alexandre de Moraes<\/strong>, que decretou pris\u00e3o domiciliar ao&nbsp;<strong>ex-presidente Jair Bolsonaro (PL)<\/strong>, na segunda-feira (4).<\/p>\n\n\n\n<p>Segundo a autoridade americana, \u201cos impulsos orwellianos desenfreados do ministro est\u00e3o arrastando sua Corte e seu pa\u00eds para o territ\u00f3rio desconhecido de uma ditadura judicial\u201d.<\/p>\n\n\n\n<p>\u201cSeu suposto crime? Aparentemente, criticar o Ministro Moraes, o que o Ministro agora convenientemente caracteriza como uma &#8216;obstru\u00e7\u00e3o da justi\u00e7a&#8217;\u201d, escreveu.<\/p>\n\n\n\n<p>\u201cSeu suposto crime? Aparentemente, criticar o Ministro Moraes, o que o Ministro agora convenientemente caracteriza como uma &#8216;obstru\u00e7\u00e3o da justi\u00e7a&#8217;\u201d, escreveu.<\/p>\n\n\n\n<figure class=\"wp-block-image size-full\"><img loading=\"lazy\" decoding=\"async\" width=\"432\" height=\"486\" src=\"https:\/\/cafecommessias.com.br\/wp-content\/uploads\/2025\/08\/image.png\" alt=\"\" class=\"wp-image-2134\" srcset=\"https:\/\/cafecommessias.com.br\/wp-content\/uploads\/2025\/08\/image.png 432w, https:\/\/cafecommessias.com.br\/wp-content\/uploads\/2025\/08\/image-267x300.png 267w\" sizes=\"auto, (max-width: 432px) 100vw, 432px\" \/><\/figure>\n\n\n\n<p>Moraes decretou a&nbsp;<strong>pris\u00e3o domiciliar<\/strong>&nbsp;na segunda-feira (5) afirmando que o ex-presidente tem feito \u201creiterado descumprimento das medidas cautelares\u201d.<\/p>\n\n\n\n<p>Segundo a decis\u00e3o, Bolsonaro est\u00e1 proibido de receber visitas, com exce\u00e7\u00e3o de seus advogados, podendo apenas ter contato com pessoas autorizadas pelo Supremo.<\/p>\n\n\n\n<p>O ex-presidente continua proibido de usar o celular, direta ou indiretamente, por interm\u00e9dio de terceiros. No \u00faltimo domingo (3), o senador Fl\u00e1vio Bolsonaro (PL-RJ)&nbsp;fez uma chamada de v\u00eddeo de Bolsonaro na manifesta\u00e7\u00e3o em Copacabana, no Rio de Janeiro.<\/p>\n\n\n\n<p>Moraes ainda reafirma na decis\u00e3o que&nbsp;manteve as cautelares&nbsp;em proibir o ex-presidente de ter contato com embaixadores e se aproximar de embaixadas ou autoridades estrangeiras. Al\u00e9m manter a proibi\u00e7\u00e3o do uso das redes sociais.<\/p>\n\n\n\n<p><sub>por CNN<\/sub><\/p>\n\n\n\n<p class=\"has-text-align-center\"><strong>PUBLICIDADE<\/strong><\/p>\n\n\n\n<figure class=\"wp-block-image size-full\"><img loading=\"lazy\" decoding=\"async\" width=\"850\" height=\"315\" src=\"https:\/\/cafecommessias.com.br\/wp-content\/uploads\/2025\/08\/277567891_343764124446062_8065847678577866042_n.png\" alt=\"\" class=\"wp-image-2143\" srcset=\"https:\/\/cafecommessias.com.br\/wp-content\/uploads\/2025\/08\/277567891_343764124446062_8065847678577866042_n.png 850w, https:\/\/cafecommessias.com.br\/wp-content\/uploads\/2025\/08\/277567891_343764124446062_8065847678577866042_n-300x111.png 300w, https:\/\/cafecommessias.com.br\/wp-content\/uploads\/2025\/08\/277567891_343764124446062_8065847678577866042_n-768x285.png 768w\" sizes=\"auto, (max-width: 850px) 100vw, 850px\" \/><\/figure>\n","protected":false},"excerpt":{"rendered":"<p>Christopher Landau afirmou que ex-presidente foi preso por criticar Alexandre de Moraes O vice-secret\u00e1rio de Estados dos EUA, Christopher Landau, fez uma publica\u00e7\u00e3o na rede social X criticando a ordem do&nbsp;ministro do STF (Supremo Tribunal Federal), Alexandre de Moraes, que decretou pris\u00e3o domiciliar ao&nbsp;ex-presidente Jair Bolsonaro (PL), na segunda-feira (4). Segundo a autoridade americana, \u201cos&#8230;<\/p>\n","protected":false},"author":1,"featured_media":2135,"comment_status":"open","ping_status":"open","sticky":false,"template":"","format":"standard","meta":{"footnotes":""},"categories":[4,3],"tags":[],"class_list":["post-2132","post","type-post","status-publish","format-standard","has-post-thumbnail","hentry","category-anuncie-aqui","category-geral"],"_links":{"self":[{"href":"https:\/\/cafecommessias.com.br\/index.php?rest_route=\/wp\/v2\/posts\/2132","targetHints":{"allow":["GET"]}}],"collection":[{"href":"https:\/\/cafecommessias.com.br\/index.php?rest_route=\/wp\/v2\/posts"}],"about":[{"href":"https:\/\/cafecommessias.com.br\/index.php?rest_route=\/wp\/v2\/types\/post"}],"author":[{"embeddable":true,"href":"https:\/\/cafecommessias.com.br\/index.php?rest_route=\/wp\/v2\/users\/1"}],"replies":[{"embeddable":true,"href":"https:\/\/cafecommessias.com.br\/index.php?rest_route=%2Fwp%2Fv2%2Fcomments&post=2132"}],"version-history":[{"count":2,"href":"https:\/\/cafecommessias.com.br\/index.php?rest_route=\/wp\/v2\/posts\/2132\/revisions"}],"predecessor-version":[{"id":2144,"href":"https:\/\/cafecommessias.com.br\/index.php?rest_route=\/wp\/v2\/posts\/2132\/revisions\/2144"}],"wp:featuredmedia":[{"embeddable":true,"href":"https:\/\/cafecommessias.com.br\/index.php?rest_route=\/wp\/v2\/media\/2135"}],"wp:attachment":[{"href":"https:\/\/cafecommessias.com.br\/index.php?rest_route=%2Fwp%2Fv2%2Fmedia&parent=2132"}],"wp:term":[{"taxonomy":"category","embeddable":true,"href":"https:\/\/cafecommessias.com.br\/index.php?rest_route=%2Fwp%2Fv2%2Fcategories&post=2132"},{"taxonomy":"post_tag","embeddable":true,"href":"https:\/\/cafecommessias.com.br\/index.php?rest_route=%2Fwp%2Fv2%2Ftags&post=2132"}],"curies":[{"name":"wp","href":"https:\/\/api.w.org\/{rel}","templated":true}]}}