{"id":2137,"date":"2025-08-05T10:51:25","date_gmt":"2025-08-05T13:51:25","guid":{"rendered":"https:\/\/cafecommessias.com.br\/?p=2137"},"modified":"2025-08-05T10:51:25","modified_gmt":"2025-08-05T13:51:25","slug":"senado-podera-pensar-em-se-vingar-do-stf-diz-especialista-ao-ww","status":"publish","type":"post","link":"https:\/\/cafecommessias.com.br\/?p=2137","title":{"rendered":"Senado poder\u00e1 pensar em se vingar do STF, diz especialista ao WW"},"content":{"rendered":"\n<p>Professor de Direito Constitucional aponta poss\u00edvel retalia\u00e7\u00e3o ao STF e destaca necessidade de inclus\u00e3o pol\u00edtica para estabilidade democr\u00e1tica<\/p>\n\n\n\n<p>A tens\u00e3o entre o STF (Supremo Tribunal Federal) e o Senado pode se intensificar significativamente em 2026, segundo an\u00e1lise do professor de Direito Constitucional Andr\u00e9 Marsiglia.<\/p>\n\n\n\n<p>Durante sua participa\u00e7\u00e3o no&nbsp;<strong>WW<\/strong>, o especialista destaca que a pr\u00f3xima legislatura pode trazer press\u00f5es significativas ao STF, considerando especialmente o poder do Senado em conduzir processos de impeachment contra ministros da Corte.<\/p>\n\n\n\n<p>Marsiglia ressalta que o atual\u00a0clima de estresse entre os poderes\u00a0pode se agravar com as elei\u00e7\u00f5es do pr\u00f3ximo ano.<\/p>\n\n\n\n<p>&#8220;Se esse ano a gente tem vivido esse stress entre poderes, imagina ent\u00e3o no ano que vem&#8221;, alerta o professor, enfatizando que a situa\u00e7\u00e3o atual j\u00e1 apresenta sinais preocupantes de instabilidade institucional.<\/p>\n\n\n\n<h4 class=\"wp-block-heading\">Polariza\u00e7\u00e3o e Participa\u00e7\u00e3o Pol\u00edtica<\/h4>\n\n\n\n<p>O especialista aponta que existe uma percep\u00e7\u00e3o de que determinados grupos pol\u00edticos enfrentam resist\u00eancia para participar do cen\u00e1rio pol\u00edtico nacional. Esta situa\u00e7\u00e3o, segundo ele, pode criar um ciclo cont\u00ednuo de tens\u00f5es que prejudica o funcionamento democr\u00e1tico do pa\u00eds.<\/p>\n\n\n\n<p>Para Marsiglia, \u00e9 fundamental haver uma mudan\u00e7a na din\u00e2mica atual para evitar um ciclo perp\u00e9tuo de retalia\u00e7\u00f5es.<\/p>\n\n\n\n<p>&#8220;\u00c9 necess\u00e1rio que a gente de alguma forma aceite a possibilidade que todos fa\u00e7am parte do jogo&#8221;, argumenta, destacando que a exclus\u00e3o de determinados grupos do processo pol\u00edtico pode resultar em uma espiral de vingan\u00e7a institucional.<\/p>\n\n\n\n<p>O professor adverte que a politiza\u00e7\u00e3o das institui\u00e7\u00f5es \u00e9 um fen\u00f4meno natural, mas deve ter como objetivo o fortalecimento democr\u00e1tico, n\u00e3o a elimina\u00e7\u00e3o de grupos pol\u00edticos ou ideol\u00f3gicos do cen\u00e1rio nacional. A aus\u00eancia dessa compreens\u00e3o, segundo ele, pode levar a um ambiente de crescente instabilidade pol\u00edtica.<\/p>\n\n\n\n<p><sub>por CNN<\/sub><\/p>\n","protected":false},"excerpt":{"rendered":"<p>Professor de Direito Constitucional aponta poss\u00edvel retalia\u00e7\u00e3o ao STF e destaca necessidade de inclus\u00e3o pol\u00edtica para estabilidade democr\u00e1tica A tens\u00e3o entre o STF (Supremo Tribunal Federal) e o Senado pode se intensificar significativamente em 2026, segundo an\u00e1lise do professor de Direito Constitucional Andr\u00e9 Marsiglia. Durante sua participa\u00e7\u00e3o no&nbsp;WW, o especialista destaca que a pr\u00f3xima legislatura&#8230;<\/p>\n","protected":false},"author":1,"featured_media":2138,"comment_status":"open","ping_status":"open","sticky":false,"template":"","format":"standard","meta":{"footnotes":""},"categories":[6],"tags":[],"class_list":["post-2137","post","type-post","status-publish","format-standard","has-post-thumbnail","hentry","category-politica"],"_links":{"self":[{"href":"https:\/\/cafecommessias.com.br\/index.php?rest_route=\/wp\/v2\/posts\/2137","targetHints":{"allow":["GET"]}}],"collection":[{"href":"https:\/\/cafecommessias.com.br\/index.php?rest_route=\/wp\/v2\/posts"}],"about":[{"href":"https:\/\/cafecommessias.com.br\/index.php?rest_route=\/wp\/v2\/types\/post"}],"author":[{"embeddable":true,"href":"https:\/\/cafecommessias.com.br\/index.php?rest_route=\/wp\/v2\/users\/1"}],"replies":[{"embeddable":true,"href":"https:\/\/cafecommessias.com.br\/index.php?rest_route=%2Fwp%2Fv2%2Fcomments&post=2137"}],"version-history":[{"count":1,"href":"https:\/\/cafecommessias.com.br\/index.php?rest_route=\/wp\/v2\/posts\/2137\/revisions"}],"predecessor-version":[{"id":2139,"href":"https:\/\/cafecommessias.com.br\/index.php?rest_route=\/wp\/v2\/posts\/2137\/revisions\/2139"}],"wp:featuredmedia":[{"embeddable":true,"href":"https:\/\/cafecommessias.com.br\/index.php?rest_route=\/wp\/v2\/media\/2138"}],"wp:attachment":[{"href":"https:\/\/cafecommessias.com.br\/index.php?rest_route=%2Fwp%2Fv2%2Fmedia&parent=2137"}],"wp:term":[{"taxonomy":"category","embeddable":true,"href":"https:\/\/cafecommessias.com.br\/index.php?rest_route=%2Fwp%2Fv2%2Fcategories&post=2137"},{"taxonomy":"post_tag","embeddable":true,"href":"https:\/\/cafecommessias.com.br\/index.php?rest_route=%2Fwp%2Fv2%2Ftags&post=2137"}],"curies":[{"name":"wp","href":"https:\/\/api.w.org\/{rel}","templated":true}]}}