{"id":2154,"date":"2025-08-06T10:14:46","date_gmt":"2025-08-06T13:14:46","guid":{"rendered":"https:\/\/cafecommessias.com.br\/?p=2154"},"modified":"2025-08-06T10:14:46","modified_gmt":"2025-08-06T13:14:46","slug":"transparencia-internacional-diz-que-prisao-de-bolsonaro-e-preocupante","status":"publish","type":"post","link":"https:\/\/cafecommessias.com.br\/?p=2154","title":{"rendered":"Transpar\u00eancia Internacional diz que pris\u00e3o de Bolsonaro \u00e9 &#8220;preocupante&#8221;"},"content":{"rendered":"\n<p>Na segunda-feira (4), o ministro Alexandre de Moraes decretou a pris\u00e3o domiciliar do ex-presidente<\/p>\n\n\n\n<p>A\u00a0<strong>Transpar\u00eancia Internacional no Brasil<\/strong>\u00a0divulgou nesta ter\u00e7a-feira (5) uma nota em que expressa preocupa\u00e7\u00e3o com a pris\u00e3o domiciliar do ex-presidente\u00a0<strong>Jair Bolsonaro<\/strong>\u00a0(PL), decretada pelo ministro\u00a0<strong>Alexandre de Moraes<\/strong>, do\u00a0<strong>STF (Supremo Tribunal Federal)<\/strong>.<\/p>\n\n\n\n<p>Para a entidade, a medida tem&nbsp;<strong>&#8220;fundamentos jur\u00eddicos fr\u00e1geis&#8221;<\/strong>&nbsp;e pode representar uma tentativa de silenciamento pol\u00edtico,&nbsp;<strong>&#8220;incompat\u00edvel&#8221;<\/strong>&nbsp;com os princ\u00edpios do Estado de Direito.<\/p>\n\n\n\n<p>\u201cA pris\u00e3o domiciliar decretada com base em fundamentos jur\u00eddicos fr\u00e1geis, especialmente por suposta viola\u00e7\u00e3o de proibi\u00e7\u00e3o gen\u00e9rica de comunica\u00e7\u00e3o, \u00e9 preocupante e parece configurar tentativa de silenciamento incompat\u00edvel com o Estado de Direito\u201d, afirmou.<\/p>\n\n\n\n<p>Embora a entidade defenda o\u00a0julgamento de Bolsonaro\u00a0e dos demais envolvidos em corrup\u00e7\u00e3o e ataques \u00e0 democracia, ela cobra que o processo ocorra com estrita observ\u00e2ncia \u00e0s garantias constitucionais.<\/p>\n\n\n\n<p>A Transpar\u00eancia lembrou que, durante o governo do ex-chefe do Executivo, denunciou casos como as&nbsp;<strong>&#8220;rachadinhas, lavagem de dinheiro e o desmonte de mecanismos anticorrup\u00e7\u00e3o&#8221;<\/strong>.<\/p>\n\n\n\n<p>Segundo a Transpar\u00eancia Internacional,\u00a0o STF\u00a0teve papel decisivo ao resistir aos ataques institucionais promovidos pelo ex-presidente.<\/p>\n\n\n\n<p>No entanto, a organiza\u00e7\u00e3o ressaltou que o empoderamento da Corte em um contexto emergencial n\u00e3o pode se tornar pr\u00e1tica recorrente de&nbsp;<strong>&#8220;extrapola\u00e7\u00e3o&#8221;<\/strong>&nbsp;de compet\u00eancias.<\/p>\n\n\n\n<p>\u201cO momento exige autoconten\u00e7\u00e3o institucional e compromisso com a normalidade democr\u00e1tica\u201d, diz a nota.<\/p>\n\n\n\n<p>A entidade tamb\u00e9m declarou que a &#8220;continuidade de medidas excepcionais, somada a decis\u00f5es que favorecem a impunidade em grandes esquemas de corrup\u00e7\u00e3o e a condutas eticamente question\u00e1veis de ministros, compromete a legitimidade p\u00fablica do tribunal&#8221;.<\/p>\n\n\n\n<p>&#8220;E essa legitimidade \u00e9 seu principal ativo para resistir aos graves ataques que ainda enfrenta no \u00e2mbito nacional e, agora, tamb\u00e9m internacional&#8221;, finalizou.<\/p>\n\n\n\n<p><sub>por CNN<\/sub><\/p>\n","protected":false},"excerpt":{"rendered":"<p>Na segunda-feira (4), o ministro Alexandre de Moraes decretou a pris\u00e3o domiciliar do ex-presidente A\u00a0Transpar\u00eancia Internacional no Brasil\u00a0divulgou nesta ter\u00e7a-feira (5) uma nota em que expressa preocupa\u00e7\u00e3o com a pris\u00e3o domiciliar do ex-presidente\u00a0Jair Bolsonaro\u00a0(PL), decretada pelo ministro\u00a0Alexandre de Moraes, do\u00a0STF (Supremo Tribunal Federal). Para a entidade, a medida tem&nbsp;&#8220;fundamentos jur\u00eddicos fr\u00e1geis&#8221;&nbsp;e pode representar uma tentativa&#8230;<\/p>\n","protected":false},"author":1,"featured_media":2155,"comment_status":"open","ping_status":"open","sticky":false,"template":"","format":"standard","meta":{"footnotes":""},"categories":[3],"tags":[],"class_list":["post-2154","post","type-post","status-publish","format-standard","has-post-thumbnail","hentry","category-geral"],"_links":{"self":[{"href":"https:\/\/cafecommessias.com.br\/index.php?rest_route=\/wp\/v2\/posts\/2154","targetHints":{"allow":["GET"]}}],"collection":[{"href":"https:\/\/cafecommessias.com.br\/index.php?rest_route=\/wp\/v2\/posts"}],"about":[{"href":"https:\/\/cafecommessias.com.br\/index.php?rest_route=\/wp\/v2\/types\/post"}],"author":[{"embeddable":true,"href":"https:\/\/cafecommessias.com.br\/index.php?rest_route=\/wp\/v2\/users\/1"}],"replies":[{"embeddable":true,"href":"https:\/\/cafecommessias.com.br\/index.php?rest_route=%2Fwp%2Fv2%2Fcomments&post=2154"}],"version-history":[{"count":1,"href":"https:\/\/cafecommessias.com.br\/index.php?rest_route=\/wp\/v2\/posts\/2154\/revisions"}],"predecessor-version":[{"id":2156,"href":"https:\/\/cafecommessias.com.br\/index.php?rest_route=\/wp\/v2\/posts\/2154\/revisions\/2156"}],"wp:featuredmedia":[{"embeddable":true,"href":"https:\/\/cafecommessias.com.br\/index.php?rest_route=\/wp\/v2\/media\/2155"}],"wp:attachment":[{"href":"https:\/\/cafecommessias.com.br\/index.php?rest_route=%2Fwp%2Fv2%2Fmedia&parent=2154"}],"wp:term":[{"taxonomy":"category","embeddable":true,"href":"https:\/\/cafecommessias.com.br\/index.php?rest_route=%2Fwp%2Fv2%2Fcategories&post=2154"},{"taxonomy":"post_tag","embeddable":true,"href":"https:\/\/cafecommessias.com.br\/index.php?rest_route=%2Fwp%2Fv2%2Ftags&post=2154"}],"curies":[{"name":"wp","href":"https:\/\/api.w.org\/{rel}","templated":true}]}}