{"id":2164,"date":"2025-08-06T10:22:35","date_gmt":"2025-08-06T13:22:35","guid":{"rendered":"https:\/\/cafecommessias.com.br\/?p=2164"},"modified":"2025-08-06T10:22:35","modified_gmt":"2025-08-06T13:22:35","slug":"contra-tarifaco-fatima-sugere-mais-credito-e-compras-governamentais","status":"publish","type":"post","link":"https:\/\/cafecommessias.com.br\/?p=2164","title":{"rendered":"Contra tarifa\u00e7o, F\u00e1tima sugere mais cr\u00e9dito e compras governamentais"},"content":{"rendered":"\n<p>Sugest\u00f5es foram apresentadas pela governadora do RN na reuni\u00e3o do Conselho de Desenvolvimento Econ\u00f4mico e Social<\/p>\n\n\n\n<p>A governadora do Rio Grande do Norte, F\u00e1tima Bezerra (PT), defendeu nesta ter\u00e7a-feira 5 a ado\u00e7\u00e3o de medidas excepcionais para socorrer empresas atingidas pelo tarifa\u00e7o imposto pelo governo dos Estados Unidos. A partir desta quarta-feira 6, produtos brasileiros ser\u00e3o taxados em 50% pela gest\u00e3o de Donald Trump, o que vai inviabilizar este mercado para centenas de setores.<\/p>\n\n\n\n<p>F\u00e1tima sugeriu a abertura de linhas de cr\u00e9dito espec\u00edficas para esses exportadoras. Al\u00e9m disso, prop\u00f4s que o poder p\u00fablico compre produtos que n\u00e3o poder\u00e3o mais ser exportados.<\/p>\n\n\n\n<p>\u201cN\u00f3s, governadores do Nordeste, nos colocamos \u00e0 disposi\u00e7\u00e3o do governo federal para enfrentar a situa\u00e7\u00e3o e, se necess\u00e1rio, adotar a\u00e7\u00f5es emergenciais para apoiar os exportadores, incluindo cr\u00e9dito e compras governamentais\u201d, afirmou a governadora.<\/p>\n\n\n\n<p>F\u00e1tima Bezerra fez a declara\u00e7\u00e3o ao participar da reuni\u00e3o do Conselho de Desenvolvimento Econ\u00f4mico Social Sustent\u00e1vel da Presid\u00eancia da Rep\u00fablica, em Bras\u00edlia. O encontro do chamado Conselh\u00e3o teve a participa\u00e7\u00e3o do presidente Luiz In\u00e1cio Lula da Silva (PT), do vice Geraldo Alckmin (PSB) e demais autoridades.<\/p>\n\n\n\n<p>A governadora destacou que o RN e os demais estados da regi\u00e3o Nordeste ser\u00e3o mais atingidos nos setores da fruticultura, pescado, mel, sal e min\u00e9rios. \u201cEm nossa regi\u00e3o, esses segmentos s\u00e3o muito importantes para a economia e empregam muita gente. Precisamos de medidas que possam excluir a amea\u00e7a de desemprego e garantir o sustento de milhares de trabalhadores, suas fam\u00edlias e empresas. Medidas que permitam expandir e diversificar a inser\u00e7\u00e3o internacional dos produtos potiguares e nordestinos\u201d, disse F\u00e1tima Bezerra.<\/p>\n\n\n\n<p>Presidente do Cons\u00f3rcio Nordeste, o governador do Piau\u00ed, Rafael Fonteles (PT), refor\u00e7ou a necessidade de buscar sa\u00eddas para o tarifa\u00e7o e a uni\u00e3o dos governadores dos estados do Nordeste em apoio ao Governo Federal.<\/p>\n\n\n\n<p>Em seu discurso, Luiz In\u00e1cio Lula da Silva falou sobre um plano de conting\u00eancia para proteger os trabalhadores e empresas brasileiras. \u201cVamos recorrer a todas as medidas cab\u00edveis para defender nossos interesses. J\u00e1 atu\u00e1vamos para fortalecer nosso com\u00e9rcio exterior, desde 2023 voltamos a nos relacionar com o mundo, com pa\u00edses de todas as religi\u00f5es, credos e origens, abrimos novos mercados. Seguiremos independentes, com liberdade para negociar com todos. O Conselho de Desenvolvimento Econ\u00f4mico Social Sustent\u00e1vel \u00e9 a cara do povo brasileiro que constr\u00f3i nossa realidade de forma compartilhada com todos os segmentos da sociedade para criar um pa\u00eds rico e sustent\u00e1vel, um mundo de paz, mais solid\u00e1rio e menos desigual, livre das crises ambiental e clim\u00e1tica\u201d, disse Lula.<\/p>\n\n\n\n<p>O ministro da Fazenda, Fernando Haddad, disse que o governo federal est\u00e1 dando a aten\u00e7\u00e3o necess\u00e1ria \u00e0 medida do governo dos EUA que desconhece 200 anos de boas rela\u00e7\u00f5es entre os dois pa\u00edses. Haddad registrou a import\u00e2ncia do Conselh\u00e3o para a economia. E afirmou que foram elaborados cinco projetos de lei para serem votados no Congresso tratando da pol\u00edtica de cr\u00e9dito e financiamento. Citou tamb\u00e9m a reforma tribut\u00e1ria e a transforma\u00e7\u00e3o digital.<\/p>\n\n\n\n<p>\u201cO Brasil \u00e9 grande demais para ser col\u00f4nia ou sat\u00e9lite de algu\u00e9m. Na transforma\u00e7\u00e3o ecol\u00f3gica vamos produzir aqui pain\u00e9is solares, baterias, equipamentos para energia limpa. Somos amigos de todos os pa\u00edses do mundo e queremos mais parcerias concretas e com benef\u00edcios m\u00fatuos, diferente do tarifa\u00e7o. Acreditamos no multilateralismo e na soberania nacional\u201d.<\/p>\n\n\n\n<h4 class=\"wp-block-heading\">\u2018N\u00e3o vou ligar para o Trump para conversar, porque ele n\u00e3o quer\u2019, diz Lula<\/h4>\n\n\n\n<p>O presidente Luiz In\u00e1cio Lula da Silva afirmou nesta ter\u00e7a-feira que o Brasil merece respeito e criticou a postura do presidente dos Estados Unidos, Donald Trump, ao anunciar novas taxa\u00e7\u00f5es contra o Pa\u00eds.<br>\u201cO presidente americano n\u00e3o tinha direito de anunciar taxa\u00e7\u00f5es como anunciou ao Brasil\u201d, disse durante abertura da 5\u00aa Reuni\u00e3o Plen\u00e1ria do Conselho de Desenvolvimento Econ\u00f4mico Social Sustent\u00e1vel (CDESS), o Conselh\u00e3o, no Pal\u00e1cio Itamaraty.<\/p>\n\n\n\n<p>Segundo Lula, Trump poderia ter ligado a ele ou ao vice-presidente Geraldo Alckmin (PB), j\u00e1 que haveria disposi\u00e7\u00e3o para di\u00e1logo. Ele acrescentou ainda que a medida n\u00e3o se trata de uma quest\u00e3o pol\u00edtica, mas sim eleitoral.<\/p>\n\n\n\n<p>O presidente refor\u00e7ou que o Brasil merece respeito no cen\u00e1rio internacional e destacou seu papel como exemplo de Pa\u00eds negociador. \u201cTem gente que acha que a gente \u00e9 vira lata, tem gente que n\u00e3o gosta de se respeitar. E ningu\u00e9m pode dizer que tem um governo que gosta mais de negociar do que n\u00f3s. Eu nasci na vida pol\u00edtica negociando [\u2026] nesse mundo, ningu\u00e9m me d\u00e1 li\u00e7\u00e3o de negocia\u00e7\u00e3o\u201d, afirmou, ao reiterar que j\u00e1 lidou com v\u00e1rios magnatas.<\/p>\n\n\n\n<p>Ele criticou a aus\u00eancia de figuras nacionalistas no Pa\u00eds e emendou que, hoje, os empres\u00e1rios s\u00e3o mais mercantilistas. O presidente voltou a afirmar que o Brasil n\u00e3o pode depender de um \u00fanico pa\u00eds e reiterou que est\u00e1 cansado de ser tratado como pertencente ao Terceiro Mundo.<\/p>\n\n\n\n<p>O ministro das Rela\u00e7\u00f5es Internacionais, Mauro Vieira, disse que o Itamaraty continua mobilizado contra o tarifa\u00e7o imposto pelos EUA ao Brasil e que o governo est\u00e1 coordenando uma resposta a ser apresentada at\u00e9 o dia 18 de agosto.<br>\u201cSobre a investida da Se\u00e7\u00e3o 301 da Lei de Com\u00e9rcio norte-americana, que questiona o nosso Pix e outras pr\u00e1ticas brasileiras absolutamente leg\u00edtimas, gostaria de informar que o Itamaraty est\u00e1 condenando a prepara\u00e7\u00e3o da resposta a ser apresentada pelo governo brasileiro no pr\u00f3ximo dia 18 de agosto\u201d, afirmou o ministro na abertura da 5\u00aa Reuni\u00e3o Plen\u00e1ria do Conselho de Desenvolvimento Econ\u00f4mico Social Sustent\u00e1vel (CDESS), o Conselh\u00e3o, no Pal\u00e1cio Itamaraty.<\/p>\n\n\n\n<p>\u201cO Conselho de Desenvolvimento Econ\u00f4mico e Social sustent\u00e1vel agrega talentos, experi\u00eancia e articula\u00e7\u00e3o. Representa a independ\u00eancia, a for\u00e7a e o dinamismo do povo brasileiro. Ser\u00e1, n\u00e3o tenho d\u00favidas, inst\u00e2ncia estrat\u00e9gica no amplo esfor\u00e7o de defesa da economia nacional e do direito soberano do Brasil de definir o seu pr\u00f3prio destino\u201d, afirmou.<\/p>\n\n\n\n<p><sub>por Agora RN<\/sub><\/p>\n\n\n\n<p><\/p>\n","protected":false},"excerpt":{"rendered":"<p>Sugest\u00f5es foram apresentadas pela governadora do RN na reuni\u00e3o do Conselho de Desenvolvimento Econ\u00f4mico e Social A governadora do Rio Grande do Norte, F\u00e1tima Bezerra (PT), defendeu nesta ter\u00e7a-feira 5 a ado\u00e7\u00e3o de medidas excepcionais para socorrer empresas atingidas pelo tarifa\u00e7o imposto pelo governo dos Estados Unidos. A partir desta quarta-feira 6, produtos brasileiros ser\u00e3o&#8230;<\/p>\n","protected":false},"author":1,"featured_media":2165,"comment_status":"open","ping_status":"open","sticky":false,"template":"","format":"standard","meta":{"footnotes":""},"categories":[7],"tags":[],"class_list":["post-2164","post","type-post","status-publish","format-standard","has-post-thumbnail","hentry","category-economia"],"_links":{"self":[{"href":"https:\/\/cafecommessias.com.br\/index.php?rest_route=\/wp\/v2\/posts\/2164","targetHints":{"allow":["GET"]}}],"collection":[{"href":"https:\/\/cafecommessias.com.br\/index.php?rest_route=\/wp\/v2\/posts"}],"about":[{"href":"https:\/\/cafecommessias.com.br\/index.php?rest_route=\/wp\/v2\/types\/post"}],"author":[{"embeddable":true,"href":"https:\/\/cafecommessias.com.br\/index.php?rest_route=\/wp\/v2\/users\/1"}],"replies":[{"embeddable":true,"href":"https:\/\/cafecommessias.com.br\/index.php?rest_route=%2Fwp%2Fv2%2Fcomments&post=2164"}],"version-history":[{"count":1,"href":"https:\/\/cafecommessias.com.br\/index.php?rest_route=\/wp\/v2\/posts\/2164\/revisions"}],"predecessor-version":[{"id":2166,"href":"https:\/\/cafecommessias.com.br\/index.php?rest_route=\/wp\/v2\/posts\/2164\/revisions\/2166"}],"wp:featuredmedia":[{"embeddable":true,"href":"https:\/\/cafecommessias.com.br\/index.php?rest_route=\/wp\/v2\/media\/2165"}],"wp:attachment":[{"href":"https:\/\/cafecommessias.com.br\/index.php?rest_route=%2Fwp%2Fv2%2Fmedia&parent=2164"}],"wp:term":[{"taxonomy":"category","embeddable":true,"href":"https:\/\/cafecommessias.com.br\/index.php?rest_route=%2Fwp%2Fv2%2Fcategories&post=2164"},{"taxonomy":"post_tag","embeddable":true,"href":"https:\/\/cafecommessias.com.br\/index.php?rest_route=%2Fwp%2Fv2%2Ftags&post=2164"}],"curies":[{"name":"wp","href":"https:\/\/api.w.org\/{rel}","templated":true}]}}