{"id":2167,"date":"2025-08-06T10:24:33","date_gmt":"2025-08-06T13:24:33","guid":{"rendered":"https:\/\/cafecommessias.com.br\/?p=2167"},"modified":"2025-08-06T10:24:33","modified_gmt":"2025-08-06T13:24:33","slug":"vacinacao-contra-a-gripe-no-rn-segue-aberta-para-toda-a-populacao-ate-15-de-agosto","status":"publish","type":"post","link":"https:\/\/cafecommessias.com.br\/?p=2167","title":{"rendered":"Vacina\u00e7\u00e3o contra a gripe no RN segue aberta para toda a popula\u00e7\u00e3o at\u00e9 15 de agosto"},"content":{"rendered":"\n<p>At\u00e9 o in\u00edcio desta semana, foram aplicadas 771.754 doses na popula\u00e7\u00e3o potiguar<br>&nbsp;vacina\u00e7\u00e3o contra a gripe no Rio Grande do Norte permanecer\u00e1 dispon\u00edvel para toda a popula\u00e7\u00e3o at\u00e9 o dia 15 de agosto. Ap\u00f3s esta data, a imuniza\u00e7\u00e3o ser\u00e1 restrita aos grupos priorit\u00e1rios: crian\u00e7as entre 6 meses e 6 anos, idosos acima de 60 anos e gestantes.<\/p>\n\n\n\n<p>A decis\u00e3o foi tomada a partir de um acordo entre a Secretaria de Estado da Sa\u00fade P\u00fablica (Sesap), por meio do Programa Estadual de Imuniza\u00e7\u00e3o, e as gest\u00f5es municipais, devido ao n\u00famero limitado de doses dispon\u00edveis.<\/p>\n\n\n\n<p>At\u00e9 o in\u00edcio desta semana, foram aplicadas 771.754 doses na popula\u00e7\u00e3o potiguar. Entre os p\u00fablicos priorit\u00e1rios, a\u00a0cobertura vacinal\u00a0m\u00e9dia \u00e9 de 48,07%, com maior \u00edndice entre gestantes (68,31%), seguida por idosos (47,9%) e crian\u00e7as (45,87%).<\/p>\n\n\n\n<p>A orienta\u00e7\u00e3o das autoridades de sa\u00fade \u00e9 que quem ainda n\u00e3o recebeu a vacina procure o posto de sa\u00fade mais pr\u00f3ximo para se imunizar. Segundo a Sesap, a vacina\u00e7\u00e3o \u00e9 a forma mais eficaz de prevenir casos graves de gripe, especialmente nos grupos mais vulner\u00e1veis.<\/p>\n\n\n\n<p><sub>por Agora RN<\/sub><\/p>\n","protected":false},"excerpt":{"rendered":"<p>At\u00e9 o in\u00edcio desta semana, foram aplicadas 771.754 doses na popula\u00e7\u00e3o potiguar&nbsp;vacina\u00e7\u00e3o contra a gripe no Rio Grande do Norte permanecer\u00e1 dispon\u00edvel para toda a popula\u00e7\u00e3o at\u00e9 o dia 15 de agosto. Ap\u00f3s esta data, a imuniza\u00e7\u00e3o ser\u00e1 restrita aos grupos priorit\u00e1rios: crian\u00e7as entre 6 meses e 6 anos, idosos acima de 60 anos e&#8230;<\/p>\n","protected":false},"author":1,"featured_media":2168,"comment_status":"open","ping_status":"open","sticky":false,"template":"","format":"standard","meta":{"footnotes":""},"categories":[1],"tags":[],"class_list":["post-2167","post","type-post","status-publish","format-standard","has-post-thumbnail","hentry","category-saude"],"_links":{"self":[{"href":"https:\/\/cafecommessias.com.br\/index.php?rest_route=\/wp\/v2\/posts\/2167","targetHints":{"allow":["GET"]}}],"collection":[{"href":"https:\/\/cafecommessias.com.br\/index.php?rest_route=\/wp\/v2\/posts"}],"about":[{"href":"https:\/\/cafecommessias.com.br\/index.php?rest_route=\/wp\/v2\/types\/post"}],"author":[{"embeddable":true,"href":"https:\/\/cafecommessias.com.br\/index.php?rest_route=\/wp\/v2\/users\/1"}],"replies":[{"embeddable":true,"href":"https:\/\/cafecommessias.com.br\/index.php?rest_route=%2Fwp%2Fv2%2Fcomments&post=2167"}],"version-history":[{"count":1,"href":"https:\/\/cafecommessias.com.br\/index.php?rest_route=\/wp\/v2\/posts\/2167\/revisions"}],"predecessor-version":[{"id":2169,"href":"https:\/\/cafecommessias.com.br\/index.php?rest_route=\/wp\/v2\/posts\/2167\/revisions\/2169"}],"wp:featuredmedia":[{"embeddable":true,"href":"https:\/\/cafecommessias.com.br\/index.php?rest_route=\/wp\/v2\/media\/2168"}],"wp:attachment":[{"href":"https:\/\/cafecommessias.com.br\/index.php?rest_route=%2Fwp%2Fv2%2Fmedia&parent=2167"}],"wp:term":[{"taxonomy":"category","embeddable":true,"href":"https:\/\/cafecommessias.com.br\/index.php?rest_route=%2Fwp%2Fv2%2Fcategories&post=2167"},{"taxonomy":"post_tag","embeddable":true,"href":"https:\/\/cafecommessias.com.br\/index.php?rest_route=%2Fwp%2Fv2%2Ftags&post=2167"}],"curies":[{"name":"wp","href":"https:\/\/api.w.org\/{rel}","templated":true}]}}