{"id":2170,"date":"2025-08-06T11:16:02","date_gmt":"2025-08-06T14:16:02","guid":{"rendered":"https:\/\/cafecommessias.com.br\/?p=2170"},"modified":"2025-08-26T12:39:17","modified_gmt":"2025-08-26T15:39:17","slug":"extremoz-sedia-oficina-regional-do-rota-22-com-participacao-de-liderancas-da-regiao-metropolitana","status":"publish","type":"post","link":"https:\/\/cafecommessias.com.br\/?p=2170","title":{"rendered":"Extremoz sedia oficina regional do Rota 22 com participa\u00e7\u00e3o de lideran\u00e7as da Regi\u00e3o Metropolitana"},"content":{"rendered":"\n<p>O projeto Rota 22, iniciativa do Partido Liberal (PL), em parceria com o instituto \u00c1lvaro Valle, que tem percorrido o Rio Grande do Norte com o objetivo de fortalecer a organiza\u00e7\u00e3o partid\u00e1ria e promover o alinhamento pol\u00edtico de suas lideran\u00e7as, realiza uma nova etapa em Extremoz nesta quinta-feira (7), a partir das 14h, no espa\u00e7o Alegria de Saber, no Centro da cidade.<\/p>\n\n\n\n<p>Desta vez, o encontro reunir\u00e1 representantes e lideran\u00e7as pol\u00edticas n\u00e3o apenas de Extremoz, mas tamb\u00e9m dos munic\u00edpios de Cear\u00e1-Mirim, S\u00e3o Gon\u00e7alo do Amarante e da Zona Norte de Natal, ampliando o di\u00e1logo sobre os desafios comuns da Regi\u00e3o Metropolitana e as estrat\u00e9gias do PL para 2026.<\/p>\n\n\n\n<p>Idealizado pelo senador Rog\u00e9rio Marinho (PL-RN), o Rota 22 tem mobilizado filiados, prefeitos, vereadores, presidentes de diret\u00f3rios e apoiadores em encontros regionais por todo o estado. Durante as oficinas, s\u00e3o debatidos temas como estrutura partid\u00e1ria, comunica\u00e7\u00e3o estrat\u00e9gica, presta\u00e7\u00e3o de contas, planejamento eleitoral e mobiliza\u00e7\u00e3o de base.<\/p>\n\n\n\n<p>A anfitri\u00e3 desta edi\u00e7\u00e3o \u00e9 a prefeita de Extremoz, Jussara Sales, que tamb\u00e9m preside o PL Mulher no RN. Para ela, o momento \u00e9 de escuta e uni\u00e3o: \u201cA constru\u00e7\u00e3o de um projeto forte para o RN passa pelo fortalecimento da Regi\u00e3o Metropolitana. Esse encontro \u00e9 uma oportunidade para ouvir, propor e organizar.\u201d<\/p>\n\n\n\n<p><\/p>\n","protected":false},"excerpt":{"rendered":"<p>O projeto Rota 22, iniciativa do Partido Liberal (PL), em parceria com o instituto \u00c1lvaro Valle, que tem percorrido o Rio Grande do Norte com o objetivo de fortalecer a organiza\u00e7\u00e3o partid\u00e1ria e promover o alinhamento pol\u00edtico de suas lideran\u00e7as, realiza uma nova etapa em Extremoz nesta quinta-feira (7), a partir das 14h, no espa\u00e7o&#8230;<\/p>\n","protected":false},"author":1,"featured_media":2171,"comment_status":"open","ping_status":"open","sticky":false,"template":"","format":"standard","meta":{"footnotes":""},"categories":[33],"tags":[],"class_list":["post-2170","post","type-post","status-publish","format-standard","has-post-thumbnail","hentry","category-projeto-rota-22"],"_links":{"self":[{"href":"https:\/\/cafecommessias.com.br\/index.php?rest_route=\/wp\/v2\/posts\/2170","targetHints":{"allow":["GET"]}}],"collection":[{"href":"https:\/\/cafecommessias.com.br\/index.php?rest_route=\/wp\/v2\/posts"}],"about":[{"href":"https:\/\/cafecommessias.com.br\/index.php?rest_route=\/wp\/v2\/types\/post"}],"author":[{"embeddable":true,"href":"https:\/\/cafecommessias.com.br\/index.php?rest_route=\/wp\/v2\/users\/1"}],"replies":[{"embeddable":true,"href":"https:\/\/cafecommessias.com.br\/index.php?rest_route=%2Fwp%2Fv2%2Fcomments&post=2170"}],"version-history":[{"count":1,"href":"https:\/\/cafecommessias.com.br\/index.php?rest_route=\/wp\/v2\/posts\/2170\/revisions"}],"predecessor-version":[{"id":2172,"href":"https:\/\/cafecommessias.com.br\/index.php?rest_route=\/wp\/v2\/posts\/2170\/revisions\/2172"}],"wp:featuredmedia":[{"embeddable":true,"href":"https:\/\/cafecommessias.com.br\/index.php?rest_route=\/wp\/v2\/media\/2171"}],"wp:attachment":[{"href":"https:\/\/cafecommessias.com.br\/index.php?rest_route=%2Fwp%2Fv2%2Fmedia&parent=2170"}],"wp:term":[{"taxonomy":"category","embeddable":true,"href":"https:\/\/cafecommessias.com.br\/index.php?rest_route=%2Fwp%2Fv2%2Fcategories&post=2170"},{"taxonomy":"post_tag","embeddable":true,"href":"https:\/\/cafecommessias.com.br\/index.php?rest_route=%2Fwp%2Fv2%2Ftags&post=2170"}],"curies":[{"name":"wp","href":"https:\/\/api.w.org\/{rel}","templated":true}]}}