{"id":221,"date":"2025-07-10T19:53:39","date_gmt":"2025-07-10T22:53:39","guid":{"rendered":"http:\/\/cafecommessias.com.br\/?p=221"},"modified":"2025-07-10T22:24:35","modified_gmt":"2025-07-11T01:24:35","slug":"prefeitura-de-extremoz-adquire-10-novos-onibus-escolares-para-reforcar-o-transporte-dos-alunos","status":"publish","type":"post","link":"https:\/\/cafecommessias.com.br\/?p=221","title":{"rendered":"Prefeitura de Extremoz adquire 10 Novos \u00d4nibus Escolares para refor\u00e7ar o transporte dos alunos"},"content":{"rendered":"\n<p>A Prefeitura de Extremoz entregou nesta quinta-feira (10) dez novos \u00f4nibus escolares para a rede municipal de educa\u00e7\u00e3o. A iniciativa refor\u00e7a o compromisso da gest\u00e3o municipal com a qualidade do ensino e o bem-estar dos estudantes, proporcionando um transporte seguro, moderno e confort\u00e1vel.<\/p>\n\n\n\n<p>A chegada dos ve\u00edculos, que contam com ar-condicionado e poltronas acolchoadas, marca um avan\u00e7o significativo para a cidade.<\/p>\n\n\n\n<figure class=\"wp-block-image size-large\"><img loading=\"lazy\" decoding=\"async\" width=\"1024\" height=\"576\" src=\"http:\/\/cafecommessias.com.br\/wp-content\/uploads\/2025\/07\/816ce3f2-1408-46a0-acbd-cac597e9a8d3-1-1024x576.jpg\" alt=\"\" class=\"wp-image-224\" srcset=\"https:\/\/cafecommessias.com.br\/wp-content\/uploads\/2025\/07\/816ce3f2-1408-46a0-acbd-cac597e9a8d3-1-1024x576.jpg 1024w, https:\/\/cafecommessias.com.br\/wp-content\/uploads\/2025\/07\/816ce3f2-1408-46a0-acbd-cac597e9a8d3-1-300x169.jpg 300w, https:\/\/cafecommessias.com.br\/wp-content\/uploads\/2025\/07\/816ce3f2-1408-46a0-acbd-cac597e9a8d3-1-768x432.jpg 768w, https:\/\/cafecommessias.com.br\/wp-content\/uploads\/2025\/07\/816ce3f2-1408-46a0-acbd-cac597e9a8d3-1-1536x864.jpg 1536w, https:\/\/cafecommessias.com.br\/wp-content\/uploads\/2025\/07\/816ce3f2-1408-46a0-acbd-cac597e9a8d3-1.jpg 1600w\" sizes=\"auto, (max-width: 1024px) 100vw, 1024px\" \/><\/figure>\n\n\n\n<p>&#8220;Em Extremoz, a educa\u00e7\u00e3o \u00e9 levada a s\u00e9rio&#8221;, afirmou a prefeita Jussara Sales, destacando a prioridade da administra\u00e7\u00e3o em oferecer as melhores condi\u00e7\u00f5es para o desenvolvimento dos alunos.<\/p>\n\n\n\n<p>Educa\u00e7\u00e3o em destaque<\/p>\n\n\n\n<p>Para a secret\u00e1ria municipal de Educa\u00e7\u00e3o, K\u00e1tia Borba, o sentimento \u00e9 de imensa alegria. &#8220;Os desafios s\u00e3o imensos, e podermos inserir na frota pr\u00f3pria mais 10 \u00f4nibus modernos, seguros e equipados com ar-condicionado \u00e9 uma conquista muito grande&#8221;, ressalta. Ela enfatiza ainda que a aquisi\u00e7\u00e3o desses ve\u00edculos pr\u00f3prios gerar\u00e1 uma economia consider\u00e1vel com os \u00f4nibus terceirizados.<\/p>\n\n\n\n<p>&#8220;\u00c9 nosso compromisso garantir n\u00e3o s\u00f3 uma educa\u00e7\u00e3o de qualidade para as nossas crian\u00e7as, mas tamb\u00e9m um transporte de qualidade, moderno, do jeito que o nosso povo merece&#8221;.<\/p>\n\n\n\n<p>Reda\u00e7\u00e3o<\/p>\n\n\n\n<figure class=\"wp-block-image size-large\"><img loading=\"lazy\" decoding=\"async\" width=\"1024\" height=\"538\" src=\"http:\/\/cafecommessias.com.br\/wp-content\/uploads\/2025\/07\/santa-clara-1024x538.webp\" alt=\"\" class=\"wp-image-243\" srcset=\"https:\/\/cafecommessias.com.br\/wp-content\/uploads\/2025\/07\/santa-clara-1024x538.webp 1024w, https:\/\/cafecommessias.com.br\/wp-content\/uploads\/2025\/07\/santa-clara-300x158.webp 300w, https:\/\/cafecommessias.com.br\/wp-content\/uploads\/2025\/07\/santa-clara-768x403.webp 768w, https:\/\/cafecommessias.com.br\/wp-content\/uploads\/2025\/07\/santa-clara.webp 1200w\" sizes=\"auto, (max-width: 1024px) 100vw, 1024px\" \/><\/figure>\n","protected":false},"excerpt":{"rendered":"<p>A Prefeitura de Extremoz entregou nesta quinta-feira (10) dez novos \u00f4nibus escolares para a rede municipal de educa\u00e7\u00e3o. A iniciativa refor\u00e7a o compromisso da gest\u00e3o municipal com a qualidade do ensino e o bem-estar dos estudantes, proporcionando um transporte seguro, moderno e confort\u00e1vel. A chegada dos ve\u00edculos, que contam com ar-condicionado e poltronas acolchoadas, marca&#8230;<\/p>\n","protected":false},"author":1,"featured_media":222,"comment_status":"closed","ping_status":"closed","sticky":false,"template":"","format":"standard","meta":{"footnotes":""},"categories":[4,6],"tags":[],"class_list":["post-221","post","type-post","status-publish","format-standard","has-post-thumbnail","hentry","category-anuncie-aqui","category-politica"],"_links":{"self":[{"href":"https:\/\/cafecommessias.com.br\/index.php?rest_route=\/wp\/v2\/posts\/221","targetHints":{"allow":["GET"]}}],"collection":[{"href":"https:\/\/cafecommessias.com.br\/index.php?rest_route=\/wp\/v2\/posts"}],"about":[{"href":"https:\/\/cafecommessias.com.br\/index.php?rest_route=\/wp\/v2\/types\/post"}],"author":[{"embeddable":true,"href":"https:\/\/cafecommessias.com.br\/index.php?rest_route=\/wp\/v2\/users\/1"}],"replies":[{"embeddable":true,"href":"https:\/\/cafecommessias.com.br\/index.php?rest_route=%2Fwp%2Fv2%2Fcomments&post=221"}],"version-history":[{"count":3,"href":"https:\/\/cafecommessias.com.br\/index.php?rest_route=\/wp\/v2\/posts\/221\/revisions"}],"predecessor-version":[{"id":244,"href":"https:\/\/cafecommessias.com.br\/index.php?rest_route=\/wp\/v2\/posts\/221\/revisions\/244"}],"wp:featuredmedia":[{"embeddable":true,"href":"https:\/\/cafecommessias.com.br\/index.php?rest_route=\/wp\/v2\/media\/222"}],"wp:attachment":[{"href":"https:\/\/cafecommessias.com.br\/index.php?rest_route=%2Fwp%2Fv2%2Fmedia&parent=221"}],"wp:term":[{"taxonomy":"category","embeddable":true,"href":"https:\/\/cafecommessias.com.br\/index.php?rest_route=%2Fwp%2Fv2%2Fcategories&post=221"},{"taxonomy":"post_tag","embeddable":true,"href":"https:\/\/cafecommessias.com.br\/index.php?rest_route=%2Fwp%2Fv2%2Ftags&post=221"}],"curies":[{"name":"wp","href":"https:\/\/api.w.org\/{rel}","templated":true}]}}