{"id":2238,"date":"2025-08-08T20:10:22","date_gmt":"2025-08-08T23:10:22","guid":{"rendered":"https:\/\/cafecommessias.com.br\/?p=2238"},"modified":"2025-08-08T20:17:29","modified_gmt":"2025-08-08T23:17:29","slug":"sttu-prorroga-prazo-para-regularizacao-do-transporte-opcional-em-natal","status":"publish","type":"post","link":"https:\/\/cafecommessias.com.br\/?p=2238","title":{"rendered":"STTU prorroga prazo para regulariza\u00e7\u00e3o do transporte opcional em Natal"},"content":{"rendered":"\n<p>Na manh\u00e3 desta sexta-feira (8), a Secretaria de Mobilidade Urbana decidiu prorrogar por mais dez dias o prazo para que os permission\u00e1rios do Transporte P\u00fablico Opcional de Natal realizem a vistoria veicular e a atualiza\u00e7\u00e3o cadastral dos seus ve\u00edculos, dentro da opera\u00e7\u00e3o \u201cRodar Legal N\u00e3o \u00e9 Opcional\u201d.<\/p>\n\n\n\n<p>A prorroga\u00e7\u00e3o foi definida durante reuni\u00e3o entre o secret\u00e1rio adjunto de Transporte, Saulo Spinelly, e a equipe do Departamento de Opera\u00e7\u00f5es e Vistoria da STTU, e deve ser publicada na pr\u00f3xima edi\u00e7\u00e3o do Di\u00e1rio Oficial do Munic\u00edpio.<\/p>\n\n\n\n<p>De acordo com o gestor, a medida considera os impactos da recente\u00a0paralisa\u00e7\u00e3o dos servidores do Detran\/RN, encerrada na \u00faltima semana. A greve dificultou o acesso dos permission\u00e1rios \u00e0 documenta\u00e7\u00e3o exigida para a regulariza\u00e7\u00e3o.<\/p>\n\n\n\n<p>\u201cA decis\u00e3o tem car\u00e1ter excepcional e busca garantir que todos os permission\u00e1rios tenham condi\u00e7\u00f5es de cumprir as exig\u00eancias dentro da legalidade e com seguran\u00e7a, sem preju\u00edzo ao servi\u00e7o ofertado \u00e0 popula\u00e7\u00e3o\u201d, explicou Spinelly.<\/p>\n\n\n\n<p>A opera\u00e7\u00e3o tem como objetivo garantir a seguran\u00e7a, a legalidade e a qualidade do servi\u00e7o prestado pelo transporte p\u00fablico opcional na cidade, exigindo que todos os ve\u00edculos estejam com documenta\u00e7\u00e3o em dia e em boas condi\u00e7\u00f5es de uso.<\/p>\n\n\n\n<p class=\"has-text-align-center\"><strong><em>PUBLICIDADE<\/em><\/strong><\/p>\n\n\n\n<figure class=\"wp-block-image size-full\"><img loading=\"lazy\" decoding=\"async\" width=\"750\" height=\"200\" src=\"https:\/\/cafecommessias.com.br\/wp-content\/uploads\/2025\/08\/9008695748366243746-1.gif\" alt=\"\" class=\"wp-image-2239\"\/><\/figure>\n","protected":false},"excerpt":{"rendered":"<p>Na manh\u00e3 desta sexta-feira (8), a Secretaria de Mobilidade Urbana decidiu prorrogar por mais dez dias o prazo para que os permission\u00e1rios do Transporte P\u00fablico Opcional de Natal realizem a vistoria veicular e a atualiza\u00e7\u00e3o cadastral dos seus ve\u00edculos, dentro da opera\u00e7\u00e3o \u201cRodar Legal N\u00e3o \u00e9 Opcional\u201d. A prorroga\u00e7\u00e3o foi definida durante reuni\u00e3o entre o&#8230;<\/p>\n","protected":false},"author":1,"featured_media":2240,"comment_status":"open","ping_status":"closed","sticky":false,"template":"","format":"standard","meta":{"footnotes":""},"categories":[3],"tags":[],"class_list":["post-2238","post","type-post","status-publish","format-standard","has-post-thumbnail","hentry","category-geral"],"_links":{"self":[{"href":"https:\/\/cafecommessias.com.br\/index.php?rest_route=\/wp\/v2\/posts\/2238","targetHints":{"allow":["GET"]}}],"collection":[{"href":"https:\/\/cafecommessias.com.br\/index.php?rest_route=\/wp\/v2\/posts"}],"about":[{"href":"https:\/\/cafecommessias.com.br\/index.php?rest_route=\/wp\/v2\/types\/post"}],"author":[{"embeddable":true,"href":"https:\/\/cafecommessias.com.br\/index.php?rest_route=\/wp\/v2\/users\/1"}],"replies":[{"embeddable":true,"href":"https:\/\/cafecommessias.com.br\/index.php?rest_route=%2Fwp%2Fv2%2Fcomments&post=2238"}],"version-history":[{"count":2,"href":"https:\/\/cafecommessias.com.br\/index.php?rest_route=\/wp\/v2\/posts\/2238\/revisions"}],"predecessor-version":[{"id":2242,"href":"https:\/\/cafecommessias.com.br\/index.php?rest_route=\/wp\/v2\/posts\/2238\/revisions\/2242"}],"wp:featuredmedia":[{"embeddable":true,"href":"https:\/\/cafecommessias.com.br\/index.php?rest_route=\/wp\/v2\/media\/2240"}],"wp:attachment":[{"href":"https:\/\/cafecommessias.com.br\/index.php?rest_route=%2Fwp%2Fv2%2Fmedia&parent=2238"}],"wp:term":[{"taxonomy":"category","embeddable":true,"href":"https:\/\/cafecommessias.com.br\/index.php?rest_route=%2Fwp%2Fv2%2Fcategories&post=2238"},{"taxonomy":"post_tag","embeddable":true,"href":"https:\/\/cafecommessias.com.br\/index.php?rest_route=%2Fwp%2Fv2%2Ftags&post=2238"}],"curies":[{"name":"wp","href":"https:\/\/api.w.org\/{rel}","templated":true}]}}