{"id":2280,"date":"2025-08-11T17:45:37","date_gmt":"2025-08-11T20:45:37","guid":{"rendered":"https:\/\/cafecommessias.com.br\/?p=2280"},"modified":"2025-08-11T17:48:42","modified_gmt":"2025-08-11T20:48:42","slug":"apos-video-de-felca-juiza-alerta-sobre-perigo-de-redes-sociais-para-criancas-internet-e-lugar-publico-e-perigoso","status":"publish","type":"post","link":"https:\/\/cafecommessias.com.br\/?p=2280","title":{"rendered":"Ap\u00f3s v\u00eddeo de Felca, ju\u00edza alerta sobre perigo de redes sociais para crian\u00e7as: &#8216;Internet \u00e9 lugar p\u00fablico e perigoso&#8217;"},"content":{"rendered":"\n<p>Na \u00faltima quarta-feira (6), o\u00a0youtuber Felca, com mais de 4 milh\u00f5es de inscritos, publicou em seu canal um v\u00eddeo intitulado &#8220;Adultiza\u00e7\u00e3o&#8221;, em que denuncia o influenciador paraibano\u00a0Hytalo Santos por explora\u00e7\u00e3o de menores e alertando sobre os riscos das redes sociais para crian\u00e7as e adolescentes.<\/p>\n\n\n\n<p>O conte\u00fado viralizou e reacendeu o debate p\u00fablico\u00a0sobre exposi\u00e7\u00e3o infantil e direitos na internet.<\/p>\n\n\n\n<p>A conta de Hytalo Santos saiu do ar no Instagram \u2014 ainda n\u00e3o h\u00e1 confirma\u00e7\u00e3o sobre rela\u00e7\u00e3o com a den\u00fancia de Felca.\u00a0O Minist\u00e9rio P\u00fablico da Para\u00edba (MPPB) apura, desde 2024, outras den\u00fancias contra o paraibano tamb\u00e9m por explora\u00e7\u00e3o de menores.<\/p>\n\n\n\n<p>Em entrevista ao Conex\u00e3o GloboNews na manh\u00e3 desta segunda-feira (11), a ju\u00edza Vanessa Cavalieri, da Vara da Inf\u00e2ncia e Juventude do Rio de Janeiro, falou sobre urg\u00eancia do assunto.<\/p>\n\n\n\n<blockquote class=\"wp-block-quote is-layout-flow wp-block-quote-is-layout-flow\">\n<p>&#8220;A internet \u00e9 um lugar p\u00fablico e perigoso. Ent\u00e3o, da mesma forma que voc\u00ea n\u00e3o vai imprimir mil fotos do seu filho e sair distribuindo para qualquer estranho que passar na rua, voc\u00ea tamb\u00e9m n\u00e3o deve postar essas fotos no ambiente digital&#8221;, comenta a ju\u00edza.<\/p>\n<\/blockquote>\n\n\n\n<p>A ju\u00edza alertou que, muitas vezes, a publica\u00e7\u00e3o de imagens de crian\u00e7as e adolescentes nas redes sociais pode facilitar o acesso de criminosos, que utilizam esses conte\u00fados para cometer crimes.<\/p>\n\n\n\n<blockquote class=\"wp-block-quote is-layout-flow wp-block-quote-is-layout-flow\">\n<p>&#8220;Quando um pai e uma m\u00e3e postam fotos e v\u00eddeos dos filhos pequenos em perfis de redes sociais abertos ou mesmo fechados, eles est\u00e3o entregando esse material de bandeja para predadores sexuais, para ped\u00f3filos&#8221;, alerta.<\/p>\n<\/blockquote>\n\n\n\n<p>Ela tamb\u00e9m falou sobre o conceito de sharenting, a exposi\u00e7\u00e3o de conte\u00fados pelos pais na internet: &#8220;\u00c9 importante lembrar que a imagem dos filhos pertence aos filhos, n\u00e3o aos pais. N\u00f3s n\u00e3o somos donos dos conte\u00fados dos nossos filhos, e \u00e9 injusto a gente usar essa imagem s\u00f3 porque eles s\u00e3o pequenos&#8221;.<\/p>\n\n\n\n<p>Ainda segundo Vanessa, o Brasil precisa voltar a aten\u00e7\u00e3o para a regula\u00e7\u00e3o das big techs.&nbsp;&#8220;A gente precisa continuar falando na regula\u00e7\u00e3o da atividade das redes sociais, das big techs, no ambiente digital para a prote\u00e7\u00e3o de crian\u00e7as e adolescentes&#8221;, diz.<\/p>\n\n\n\n<p><sub>por reda\u00e7\u00e3o G1<\/sub><\/p>\n\n\n\n<figure class=\"wp-block-image size-full is-resized\"><img loading=\"lazy\" decoding=\"async\" width=\"750\" height=\"200\" src=\"https:\/\/cafecommessias.com.br\/wp-content\/uploads\/2025\/08\/6623888142786548010-1.gif\" alt=\"\" class=\"wp-image-2255\" style=\"width:840px;height:auto\"\/><\/figure>\n","protected":false},"excerpt":{"rendered":"<p>Na \u00faltima quarta-feira (6), o\u00a0youtuber Felca, com mais de 4 milh\u00f5es de inscritos, publicou em seu canal um v\u00eddeo intitulado &#8220;Adultiza\u00e7\u00e3o&#8221;, em que denuncia o influenciador paraibano\u00a0Hytalo Santos por explora\u00e7\u00e3o de menores e alertando sobre os riscos das redes sociais para crian\u00e7as e adolescentes. O conte\u00fado viralizou e reacendeu o debate p\u00fablico\u00a0sobre exposi\u00e7\u00e3o infantil e&#8230;<\/p>\n","protected":false},"author":1,"featured_media":2281,"comment_status":"closed","ping_status":"closed","sticky":false,"template":"","format":"standard","meta":{"footnotes":""},"categories":[28],"tags":[],"class_list":["post-2280","post","type-post","status-publish","format-standard","has-post-thumbnail","hentry","category-famosos"],"_links":{"self":[{"href":"https:\/\/cafecommessias.com.br\/index.php?rest_route=\/wp\/v2\/posts\/2280","targetHints":{"allow":["GET"]}}],"collection":[{"href":"https:\/\/cafecommessias.com.br\/index.php?rest_route=\/wp\/v2\/posts"}],"about":[{"href":"https:\/\/cafecommessias.com.br\/index.php?rest_route=\/wp\/v2\/types\/post"}],"author":[{"embeddable":true,"href":"https:\/\/cafecommessias.com.br\/index.php?rest_route=\/wp\/v2\/users\/1"}],"replies":[{"embeddable":true,"href":"https:\/\/cafecommessias.com.br\/index.php?rest_route=%2Fwp%2Fv2%2Fcomments&post=2280"}],"version-history":[{"count":1,"href":"https:\/\/cafecommessias.com.br\/index.php?rest_route=\/wp\/v2\/posts\/2280\/revisions"}],"predecessor-version":[{"id":2282,"href":"https:\/\/cafecommessias.com.br\/index.php?rest_route=\/wp\/v2\/posts\/2280\/revisions\/2282"}],"wp:featuredmedia":[{"embeddable":true,"href":"https:\/\/cafecommessias.com.br\/index.php?rest_route=\/wp\/v2\/media\/2281"}],"wp:attachment":[{"href":"https:\/\/cafecommessias.com.br\/index.php?rest_route=%2Fwp%2Fv2%2Fmedia&parent=2280"}],"wp:term":[{"taxonomy":"category","embeddable":true,"href":"https:\/\/cafecommessias.com.br\/index.php?rest_route=%2Fwp%2Fv2%2Fcategories&post=2280"},{"taxonomy":"post_tag","embeddable":true,"href":"https:\/\/cafecommessias.com.br\/index.php?rest_route=%2Fwp%2Fv2%2Ftags&post=2280"}],"curies":[{"name":"wp","href":"https:\/\/api.w.org\/{rel}","templated":true}]}}