{"id":2302,"date":"2025-08-13T16:12:50","date_gmt":"2025-08-13T19:12:50","guid":{"rendered":"https:\/\/cafecommessias.com.br\/?p=2302"},"modified":"2025-08-13T16:12:50","modified_gmt":"2025-08-13T19:12:50","slug":"em-eleicao-simbolica-edson-fachin-e-escolhido-para-a-presidencia-do-stf","status":"publish","type":"post","link":"https:\/\/cafecommessias.com.br\/?p=2302","title":{"rendered":"Em elei\u00e7\u00e3o simb\u00f3lica, Edson Fachin \u00e9 escolhido para a presid\u00eancia do STF"},"content":{"rendered":"\n<p>Ministro Alexandre de Moraes ser\u00e1 vice; chapa toma posse no final de setembro<\/p>\n\n\n\n<p>O ministro\u00a0<strong>Edson Fachin<\/strong>\u00a0foi escolhido nesta quarta-feira (13) para ser o pr\u00f3ximo presidente do STF (Supremo tribunal Federal). Alexandre de Moraes ser\u00e1 o vice.<\/p>\n\n\n\n<p>Ambos conduzir\u00e3o a Corte no bi\u00eanio\u00a02025-2027. A posse ser\u00e1 no final de setembro.<\/p>\n\n\n\n<p>A elei\u00e7\u00e3o foi realizada no in\u00edcio da sess\u00e3o plen\u00e1ria desta quarta. Ela \u00e9 apenas uma formalidade, j\u00e1 que a vaga para a presid\u00eancia segue uma&nbsp;ordem de rotatividade por antiguidade na Corte.<\/p>\n\n\n\n<p>Al\u00e9m de ser o presidente do STF, o ministro assume o comando do CNJ (Conselho Nacional de Justi\u00e7a) e passa a ser a representa\u00e7\u00e3o da inst\u00e2ncia m\u00e1xima do Poder Judici\u00e1rio no pa\u00eds.<\/p>\n\n\n\n<p>Fachin foi indicado ao STF pela ent\u00e3o presidente Dilma Rousseff (PT) e tomou posse na Corte em junho de 2015.<\/p>\n\n\n\n<p>Conforme mostrou a\u00a0<strong>CNN<\/strong>, o ministro pretende imprimir um\u00a0estilo discreto ao STF durante o mandato.<\/p>\n\n\n\n<p>Em contraponto ao atual presidente Lu\u00eds Roberto Barroso, Fachin \u00e9 resistente a declara\u00e7\u00f5es p\u00fablicas ou entrevistas \u00e0 imprensa.<\/p>\n\n\n\n<p>Com a troca na gest\u00e3o, tamb\u00e9m voltou ao radar uma poss\u00edvel sa\u00edda de Lu\u00eds Roberto Barroso da Corte.<\/p>\n\n\n\n<p>A\u00a0<strong>CNN<\/strong>\u00a0apurou que o ministro\u00a0est\u00e1 descontente com o que considera uma\u00a0&#8220;crise de civilidade&#8221;\u00a0em n\u00edvel global.<\/p>\n\n\n\n<p>A escalada da ofensiva dos Estados Unidos estaria contribuindo para o des\u00e2nimo de Barroso. Ele \u00e9 um dos ministros que teria o visto americano cancelado.<\/p>\n\n\n\n<p>Apesar de declarar apoio inequ\u00edvoco ao ministro Alexandre de Moraes, as san\u00e7\u00f5es podem pesar para Barroso, que tem liga\u00e7\u00e3o direta com os EUA.<\/p>\n\n\n\n<p>Al\u00e9m de ministrar aulas em Harvard Kennedy School&nbsp;e viajar com frequ\u00eancia ao pa\u00eds, o ministro tamb\u00e9m tem um filho que trabalha em Miami como diretor do banco BTG Pactual.<\/p>\n\n\n\n<p><sub>por CNN<\/sub><\/p>\n","protected":false},"excerpt":{"rendered":"<p>Ministro Alexandre de Moraes ser\u00e1 vice; chapa toma posse no final de setembro O ministro\u00a0Edson Fachin\u00a0foi escolhido nesta quarta-feira (13) para ser o pr\u00f3ximo presidente do STF (Supremo tribunal Federal). Alexandre de Moraes ser\u00e1 o vice. Ambos conduzir\u00e3o a Corte no bi\u00eanio\u00a02025-2027. A posse ser\u00e1 no final de setembro. A elei\u00e7\u00e3o foi realizada no in\u00edcio&#8230;<\/p>\n","protected":false},"author":1,"featured_media":2303,"comment_status":"open","ping_status":"open","sticky":false,"template":"","format":"standard","meta":{"footnotes":""},"categories":[3],"tags":[],"class_list":["post-2302","post","type-post","status-publish","format-standard","has-post-thumbnail","hentry","category-geral"],"_links":{"self":[{"href":"https:\/\/cafecommessias.com.br\/index.php?rest_route=\/wp\/v2\/posts\/2302","targetHints":{"allow":["GET"]}}],"collection":[{"href":"https:\/\/cafecommessias.com.br\/index.php?rest_route=\/wp\/v2\/posts"}],"about":[{"href":"https:\/\/cafecommessias.com.br\/index.php?rest_route=\/wp\/v2\/types\/post"}],"author":[{"embeddable":true,"href":"https:\/\/cafecommessias.com.br\/index.php?rest_route=\/wp\/v2\/users\/1"}],"replies":[{"embeddable":true,"href":"https:\/\/cafecommessias.com.br\/index.php?rest_route=%2Fwp%2Fv2%2Fcomments&post=2302"}],"version-history":[{"count":1,"href":"https:\/\/cafecommessias.com.br\/index.php?rest_route=\/wp\/v2\/posts\/2302\/revisions"}],"predecessor-version":[{"id":2304,"href":"https:\/\/cafecommessias.com.br\/index.php?rest_route=\/wp\/v2\/posts\/2302\/revisions\/2304"}],"wp:featuredmedia":[{"embeddable":true,"href":"https:\/\/cafecommessias.com.br\/index.php?rest_route=\/wp\/v2\/media\/2303"}],"wp:attachment":[{"href":"https:\/\/cafecommessias.com.br\/index.php?rest_route=%2Fwp%2Fv2%2Fmedia&parent=2302"}],"wp:term":[{"taxonomy":"category","embeddable":true,"href":"https:\/\/cafecommessias.com.br\/index.php?rest_route=%2Fwp%2Fv2%2Fcategories&post=2302"},{"taxonomy":"post_tag","embeddable":true,"href":"https:\/\/cafecommessias.com.br\/index.php?rest_route=%2Fwp%2Fv2%2Ftags&post=2302"}],"curies":[{"name":"wp","href":"https:\/\/api.w.org\/{rel}","templated":true}]}}