{"id":2305,"date":"2025-08-13T16:17:11","date_gmt":"2025-08-13T19:17:11","guid":{"rendered":"https:\/\/cafecommessias.com.br\/?p=2305"},"modified":"2025-08-13T16:17:11","modified_gmt":"2025-08-13T19:17:11","slug":"o-brasil-nao-aguenta-mais-o-pt-e-nao-aguenta-mais-o-lula-diz-tarcisio","status":"publish","type":"post","link":"https:\/\/cafecommessias.com.br\/?p=2305","title":{"rendered":"O Brasil n\u00e3o aguenta mais o PT e n\u00e3o aguenta mais o Lula, diz Tarc\u00edsio"},"content":{"rendered":"\n<p>Governador de S\u00e3o Paulo afirmou que o pa\u00eds \u00e9 &#8220;carro bom&#8221;, mas precisa &#8220;trocar o piloto&#8221;<\/p>\n\n\n\n<p>O governador de S\u00e3o Paulo, Tarc\u00edsio de Freitas (Republicanos), disse nesta quarta-feira (13), que o Brasil &#8220;n\u00e3o aguenta mais o PT&#8221; e &#8220;n\u00e3o aguenta mais o Lula&#8221;.<\/p>\n\n\n\n<p>&#8220;A gente est\u00e1 perdendo alguns bondes, o bonde da tecnologia energ\u00e9tica, o bonde da bioeconomia, o bonde do conhecimento, o mundo est\u00e1 de portas abertas para o Brasil e a gente andando aqui numa ciranda e discutindo picuinha (&#8230;) O Brasil n\u00e3o aguenta mais o PT, o Brasil n\u00e3o aguenta mais o Lula&#8221;, afirmou no evento AgroF\u00f3rum, promovido pelo BTG Pactual.<\/p>\n\n\n\n<p>Durante um painel ao lado dos governadores Ronaldo Caiado (Uni\u00e3o), Ratinho Jr (PSD) e Eduardo Leite (PSD), Tarc\u00edsio criticou que o pa\u00eds esteja &#8220;h\u00e1 quarenta anos discutindo a mesma pessoa&#8221;, ao se referir ao presidente da Rep\u00fablica, Luiz In\u00e1cio Lula da Silva (PT).<\/p>\n\n\n\n<p>Ele defendeu o que chamou de &#8220;nova safra de governadores&#8221;.<\/p>\n\n\n\n<p>&#8220;\u00c9 preciso falar dessa safra de governadores. (&#8230;) N\u00f3s n\u00e3o precisamos mais da mentalidade atrasada, da mentalidade de 20 anos atr\u00e1s. Gente, a gente est\u00e1 h\u00e1 quarenta anos discutindo a mesma pessoa&#8221;, complementou.<\/p>\n\n\n\n<p class=\"has-text-align-center\"><strong>PUBLICIDADE<\/strong><\/p>\n\n\n\n<figure class=\"wp-block-image size-full\"><img loading=\"lazy\" decoding=\"async\" width=\"850\" height=\"315\" src=\"https:\/\/cafecommessias.com.br\/wp-content\/uploads\/2025\/08\/277567891_343764124446062_8065847678577866042_n.png\" alt=\"\" class=\"wp-image-2143\" srcset=\"https:\/\/cafecommessias.com.br\/wp-content\/uploads\/2025\/08\/277567891_343764124446062_8065847678577866042_n.png 850w, https:\/\/cafecommessias.com.br\/wp-content\/uploads\/2025\/08\/277567891_343764124446062_8065847678577866042_n-300x111.png 300w, https:\/\/cafecommessias.com.br\/wp-content\/uploads\/2025\/08\/277567891_343764124446062_8065847678577866042_n-768x285.png 768w\" sizes=\"auto, (max-width: 850px) 100vw, 850px\" \/><\/figure>\n\n\n\n<p>Para ele, est\u00e1 na hora de o Brasil &#8220;trocar o piloto&#8221; para avan\u00e7ar rumo a melhorias.<\/p>\n\n\n\n<p>&#8220;A gente n\u00e3o fortalece o fraco enfraquecendo o forte, a gente n\u00e3o fortalece o empregado enfraquecendo o empregador, a gente n\u00e3o pode promover a divis\u00e3o. Agora, se a gente ajustar as alavancas direitinho a gente vai caminhar na dire\u00e7\u00e3o da nossa voca\u00e7\u00e3o que \u00e9 ser grande&#8221;.<\/p>\n\n\n\n<p>&#8220;O mundo est\u00e1 de portas abertas para o Brasil, o Brasil j\u00e1 fez grandes coisas, \u00e9 s\u00f3 trocar o piloto porque o carro \u00e9 bom pra caramba&#8221;, completou o republicano.<\/p>\n\n\n\n<p>Na mesma linha falou\u00a0o governador do Rio Grande do Sul, Eduardo Leite, que defendeu que o pa\u00eds &#8220;vire essa p\u00e1gina para uma nova gera\u00e7\u00e3o&#8221;.<\/p>\n\n\n\n<p>&#8220;Vamos ter uma elei\u00e7\u00e3o no ano que vem que, se Lula for candidato, em dez elei\u00e7\u00f5es desde a redemocratiza\u00e7\u00e3o, em sete ele ter\u00e1 sido candidato, teria sido oito se pudesse ter concorrido naquela de 2018 e sabemos que nas outras duas que ele concorreu, virtualmente ele foi quem estava sustentando o projeto da candidata que venceu. O pa\u00eds precisa virar essa p\u00e1gina para uma nova gera\u00e7\u00e3o&#8221;, afirmou.<\/p>\n\n\n\n<p>&#8220;Principalmente que a gente possa colocar uma nova agenda para o pa\u00eds que n\u00e3o seja simplesmente a de evitar o outro&#8221;, completou.<\/p>\n\n\n\n<p>A&nbsp;<strong>CNN<\/strong>&nbsp;entrou em contato com assessoria do Pal\u00e1cio do Planalto e aguarda retorno.<\/p>\n\n\n\n<p><sub>por CNN, S\u00e3o Paulo<\/sub><\/p>\n","protected":false},"excerpt":{"rendered":"<p>Governador de S\u00e3o Paulo afirmou que o pa\u00eds \u00e9 &#8220;carro bom&#8221;, mas precisa &#8220;trocar o piloto&#8221; O governador de S\u00e3o Paulo, Tarc\u00edsio de Freitas (Republicanos), disse nesta quarta-feira (13), que o Brasil &#8220;n\u00e3o aguenta mais o PT&#8221; e &#8220;n\u00e3o aguenta mais o Lula&#8221;. &#8220;A gente est\u00e1 perdendo alguns bondes, o bonde da tecnologia energ\u00e9tica, o&#8230;<\/p>\n","protected":false},"author":1,"featured_media":2306,"comment_status":"open","ping_status":"open","sticky":false,"template":"","format":"standard","meta":{"footnotes":""},"categories":[6],"tags":[],"class_list":["post-2305","post","type-post","status-publish","format-standard","has-post-thumbnail","hentry","category-politica"],"_links":{"self":[{"href":"https:\/\/cafecommessias.com.br\/index.php?rest_route=\/wp\/v2\/posts\/2305","targetHints":{"allow":["GET"]}}],"collection":[{"href":"https:\/\/cafecommessias.com.br\/index.php?rest_route=\/wp\/v2\/posts"}],"about":[{"href":"https:\/\/cafecommessias.com.br\/index.php?rest_route=\/wp\/v2\/types\/post"}],"author":[{"embeddable":true,"href":"https:\/\/cafecommessias.com.br\/index.php?rest_route=\/wp\/v2\/users\/1"}],"replies":[{"embeddable":true,"href":"https:\/\/cafecommessias.com.br\/index.php?rest_route=%2Fwp%2Fv2%2Fcomments&post=2305"}],"version-history":[{"count":1,"href":"https:\/\/cafecommessias.com.br\/index.php?rest_route=\/wp\/v2\/posts\/2305\/revisions"}],"predecessor-version":[{"id":2307,"href":"https:\/\/cafecommessias.com.br\/index.php?rest_route=\/wp\/v2\/posts\/2305\/revisions\/2307"}],"wp:featuredmedia":[{"embeddable":true,"href":"https:\/\/cafecommessias.com.br\/index.php?rest_route=\/wp\/v2\/media\/2306"}],"wp:attachment":[{"href":"https:\/\/cafecommessias.com.br\/index.php?rest_route=%2Fwp%2Fv2%2Fmedia&parent=2305"}],"wp:term":[{"taxonomy":"category","embeddable":true,"href":"https:\/\/cafecommessias.com.br\/index.php?rest_route=%2Fwp%2Fv2%2Fcategories&post=2305"},{"taxonomy":"post_tag","embeddable":true,"href":"https:\/\/cafecommessias.com.br\/index.php?rest_route=%2Fwp%2Fv2%2Ftags&post=2305"}],"curies":[{"name":"wp","href":"https:\/\/api.w.org\/{rel}","templated":true}]}}