{"id":2354,"date":"2025-08-12T11:40:00","date_gmt":"2025-08-12T14:40:00","guid":{"rendered":"https:\/\/cafecommessias.com.br\/?p=2354"},"modified":"2025-08-19T01:41:24","modified_gmt":"2025-08-19T04:41:24","slug":"ibge-podera-contratar-9-580-temporarios-para-pesquisas","status":"publish","type":"post","link":"https:\/\/cafecommessias.com.br\/?p=2354","title":{"rendered":"IBGE poder\u00e1 contratar 9.580 tempor\u00e1rios para pesquisas"},"content":{"rendered":"\n<p>Contratos podem durar at\u00e9 tr\u00eas anos<\/p>\n\n\n\n<p>O Minist\u00e9rio da Gest\u00e3o e da Inova\u00e7\u00e3o em Servi\u00e7os P\u00fablicos (MGI) e o Minist\u00e9rio do Planejamento e Or\u00e7amento (MPO) publicaram, nesta ter\u00e7a-feira 12, a\u00a0portaria conjunta\u00a0(n\u00ba 58\/2025), que autoriza a Funda\u00e7\u00e3o Instituto Brasileiro de Geografia e Estat\u00edstica (IBGE) a contratar, por tempo determinado, at\u00e9 9.580 profissionais para atender a necessidades tempor\u00e1rias do \u00f3rg\u00e3o.<img decoding=\"async\" src=\"https:\/\/agenciabrasil.ebc.com.br\/ebc.png?id=1654068&amp;o=node\" alt=\"IBGE poder\u00e1 contratar 9.580 tempor\u00e1rios para pesquisas - Agora RN\"><img decoding=\"async\" src=\"https:\/\/agenciabrasil.ebc.com.br\/ebc.gif?id=1654068&amp;o=node\" alt=\"IBGE poder\u00e1 contratar 9.580 tempor\u00e1rios para pesquisas - Agora RN\"><\/p>\n\n\n\n<p>Os contratados temporariamente far\u00e3o pesquisas estat\u00edsticas coordenadas pelo IBGE em todo o pa\u00eds.<\/p>\n\n\n\n<h4 class=\"wp-block-heading\">Vagas autorizadas<\/h4>\n\n\n\n<p>Do total de vagas, 8.480 ser\u00e3o para o cargo de agente de pesquisas e mapeamento do instituto, respons\u00e1vel pela coleta de informa\u00e7\u00f5es. Outras 1,1 mil vagas s\u00e3o para fun\u00e7\u00e3o de supervisor de coleta e qualidade, para atuar no acompanhamento e supervis\u00e3o do trabalho de campo dos agentes.<\/p>\n\n\n\n<p>O recrutamento para a fun\u00e7\u00e3o depender\u00e1 de aprova\u00e7\u00e3o em processo seletivo simplificado, que geralmente \u00e9 mais r\u00e1pido que um concurso p\u00fablico.<\/p>\n\n\n\n<h4 class=\"wp-block-heading\">Etapas de sele\u00e7\u00e3o<\/h4>\n\n\n\n<p>Nesse modelo, as etapas da sele\u00e7\u00e3o geralmente incluem an\u00e1lise de curr\u00edculo, an\u00e1lise de t\u00edtulos e, em alguns casos, entrevistas.<\/p>\n\n\n\n<p>A&nbsp;dura\u00e7\u00e3o dos contratos tempor\u00e1rios ser\u00e1 de um ano e poder\u00e1 ser prorrogada por at\u00e9 tr\u00eas anos, de acordo com a necessidade do \u00f3rg\u00e3o para a conclus\u00e3o das atividades.<\/p>\n\n\n\n<p>A portaria ainda estabelece que o edital de abertura de inscri\u00e7\u00f5es deve ser publicado em at\u00e9 seis meses a partir desta ter\u00e7a-feira. A remunera\u00e7\u00e3o ainda ser\u00e1 definida pelo IBGE, observando quest\u00f5es or\u00e7ament\u00e1rias.<\/p>\n\n\n\n<p><sub>por Ag\u00eancia Brasil<\/sub><\/p>\n\n\n\n<p><\/p>\n","protected":false},"excerpt":{"rendered":"<p>Contratos podem durar at\u00e9 tr\u00eas anos O Minist\u00e9rio da Gest\u00e3o e da Inova\u00e7\u00e3o em Servi\u00e7os P\u00fablicos (MGI) e o Minist\u00e9rio do Planejamento e Or\u00e7amento (MPO) publicaram, nesta ter\u00e7a-feira 12, a\u00a0portaria conjunta\u00a0(n\u00ba 58\/2025), que autoriza a Funda\u00e7\u00e3o Instituto Brasileiro de Geografia e Estat\u00edstica (IBGE) a contratar, por tempo determinado, at\u00e9 9.580 profissionais para atender a necessidades&#8230;<\/p>\n","protected":false},"author":1,"featured_media":2355,"comment_status":"open","ping_status":"open","sticky":false,"template":"","format":"standard","meta":{"footnotes":""},"categories":[3],"tags":[],"class_list":["post-2354","post","type-post","status-publish","format-standard","has-post-thumbnail","hentry","category-geral"],"_links":{"self":[{"href":"https:\/\/cafecommessias.com.br\/index.php?rest_route=\/wp\/v2\/posts\/2354","targetHints":{"allow":["GET"]}}],"collection":[{"href":"https:\/\/cafecommessias.com.br\/index.php?rest_route=\/wp\/v2\/posts"}],"about":[{"href":"https:\/\/cafecommessias.com.br\/index.php?rest_route=\/wp\/v2\/types\/post"}],"author":[{"embeddable":true,"href":"https:\/\/cafecommessias.com.br\/index.php?rest_route=\/wp\/v2\/users\/1"}],"replies":[{"embeddable":true,"href":"https:\/\/cafecommessias.com.br\/index.php?rest_route=%2Fwp%2Fv2%2Fcomments&post=2354"}],"version-history":[{"count":1,"href":"https:\/\/cafecommessias.com.br\/index.php?rest_route=\/wp\/v2\/posts\/2354\/revisions"}],"predecessor-version":[{"id":2356,"href":"https:\/\/cafecommessias.com.br\/index.php?rest_route=\/wp\/v2\/posts\/2354\/revisions\/2356"}],"wp:featuredmedia":[{"embeddable":true,"href":"https:\/\/cafecommessias.com.br\/index.php?rest_route=\/wp\/v2\/media\/2355"}],"wp:attachment":[{"href":"https:\/\/cafecommessias.com.br\/index.php?rest_route=%2Fwp%2Fv2%2Fmedia&parent=2354"}],"wp:term":[{"taxonomy":"category","embeddable":true,"href":"https:\/\/cafecommessias.com.br\/index.php?rest_route=%2Fwp%2Fv2%2Fcategories&post=2354"},{"taxonomy":"post_tag","embeddable":true,"href":"https:\/\/cafecommessias.com.br\/index.php?rest_route=%2Fwp%2Fv2%2Ftags&post=2354"}],"curies":[{"name":"wp","href":"https:\/\/api.w.org\/{rel}","templated":true}]}}