{"id":2363,"date":"2025-08-18T21:50:00","date_gmt":"2025-08-19T00:50:00","guid":{"rendered":"https:\/\/cafecommessias.com.br\/?p=2363"},"modified":"2025-08-19T01:50:44","modified_gmt":"2025-08-19T04:50:44","slug":"ex-tesoureiro-do-pt-em-mato-grosso-e-preso-em-cuiaba-por-estupro","status":"publish","type":"post","link":"https:\/\/cafecommessias.com.br\/?p=2363","title":{"rendered":"Ex-tesoureiro do PT em Mato Grosso \u00e9 preso em Cuiab\u00e1 por estupro"},"content":{"rendered":"\n<p>O ex-tesoureiro do PT em Mato Grosso, Valdebran Carlos Padilha da Silva, de 60 anos, foi preso na manh\u00e3 desta segunda-feira (18), em sua casa no bairro Jardim Paulista, em Cuiab\u00e1. A pris\u00e3o ocorreu em cumprimento a dois mandados judiciais, ap\u00f3s ele ter sido condenado a 15 anos e dois meses de pris\u00e3o em regime fechado pelos crimes de estupro de vulner\u00e1vel e abuso sexual contra menores.<\/p>\n\n\n\n<p>De acordo com a decis\u00e3o judicial que o Rep\u00f3rterMT teve acesso, uma das v\u00edtimas \u00e9 sobrinha da ex-companheira de Valdebran. A ordem de pris\u00e3o foi expedida pela Justi\u00e7a e cumprida por equipes policiais. Ap\u00f3s a deten\u00e7\u00e3o, ele deve ser levado ao F\u00f3rum da Capital, onde passar\u00e1 por audi\u00eancia de cust\u00f3dia.<\/p>\n\n\n\n<p>Valdebran, que ficou nacionalmente conhecido em 2006 pelo \u201cEsc\u00e2ndalo dos Aloprados\u201d, chegou a ser preso em 2022 acusado de abusar sexualmente de duas adolescentes em Cuiab\u00e1.<\/p>\n\n\n\n<p>O caso atual, por\u00e9m, envolve crimes sexuais cometidos contra adolescentes, pelos quais o ex-tesoureiro foi julgado e condenado.<\/p>\n\n\n\n<p>\u2018Esc\u00e2ndalo dos Aloprados\u2019<\/p>\n\n\n\n<p>Em 2006, Valdebran foi preso em um hotel com R$ 1,7 milh\u00e3o, que seriam para pagar dossi\u00ea que beneficiaria o PT.<\/p>\n\n\n\n<p>\u00c0 \u00e9poca ele era filiado \u00e0 sigla no Estado. Em novembro do mesmo ano, a dire\u00e7\u00e3o municipal do PT de Cuiab\u00e1, o expulsou por conta do caso.<\/p>\n\n\n\n<p>Em 2011, Valdebran foi preso novamente pela Pol\u00edcia Federal durante opera\u00e7\u00e3o que investigava um suposto esquema de fraude em licita\u00e7\u00f5es e obras da Funda\u00e7\u00e3o Nacional de Sa\u00fade (Funasa).<\/p>\n\n\n\n<p><sub>por Reporter MT<\/sub><\/p>\n\n\n\n<p><\/p>\n","protected":false},"excerpt":{"rendered":"<p>O ex-tesoureiro do PT em Mato Grosso, Valdebran Carlos Padilha da Silva, de 60 anos, foi preso na manh\u00e3 desta segunda-feira (18), em sua casa no bairro Jardim Paulista, em Cuiab\u00e1. A pris\u00e3o ocorreu em cumprimento a dois mandados judiciais, ap\u00f3s ele ter sido condenado a 15 anos e dois meses de pris\u00e3o em regime&#8230;<\/p>\n","protected":false},"author":1,"featured_media":2364,"comment_status":"open","ping_status":"open","sticky":false,"template":"","format":"standard","meta":{"footnotes":""},"categories":[6],"tags":[],"class_list":["post-2363","post","type-post","status-publish","format-standard","has-post-thumbnail","hentry","category-politica"],"_links":{"self":[{"href":"https:\/\/cafecommessias.com.br\/index.php?rest_route=\/wp\/v2\/posts\/2363","targetHints":{"allow":["GET"]}}],"collection":[{"href":"https:\/\/cafecommessias.com.br\/index.php?rest_route=\/wp\/v2\/posts"}],"about":[{"href":"https:\/\/cafecommessias.com.br\/index.php?rest_route=\/wp\/v2\/types\/post"}],"author":[{"embeddable":true,"href":"https:\/\/cafecommessias.com.br\/index.php?rest_route=\/wp\/v2\/users\/1"}],"replies":[{"embeddable":true,"href":"https:\/\/cafecommessias.com.br\/index.php?rest_route=%2Fwp%2Fv2%2Fcomments&post=2363"}],"version-history":[{"count":1,"href":"https:\/\/cafecommessias.com.br\/index.php?rest_route=\/wp\/v2\/posts\/2363\/revisions"}],"predecessor-version":[{"id":2365,"href":"https:\/\/cafecommessias.com.br\/index.php?rest_route=\/wp\/v2\/posts\/2363\/revisions\/2365"}],"wp:featuredmedia":[{"embeddable":true,"href":"https:\/\/cafecommessias.com.br\/index.php?rest_route=\/wp\/v2\/media\/2364"}],"wp:attachment":[{"href":"https:\/\/cafecommessias.com.br\/index.php?rest_route=%2Fwp%2Fv2%2Fmedia&parent=2363"}],"wp:term":[{"taxonomy":"category","embeddable":true,"href":"https:\/\/cafecommessias.com.br\/index.php?rest_route=%2Fwp%2Fv2%2Fcategories&post=2363"},{"taxonomy":"post_tag","embeddable":true,"href":"https:\/\/cafecommessias.com.br\/index.php?rest_route=%2Fwp%2Fv2%2Ftags&post=2363"}],"curies":[{"name":"wp","href":"https:\/\/api.w.org\/{rel}","templated":true}]}}